{"id":11081,"date":"2022-05-18T09:37:24","date_gmt":"2022-05-18T07:37:24","guid":{"rendered":"https:\/\/araytor.com\/?p=11081"},"modified":"2022-05-20T10:06:26","modified_gmt":"2022-05-20T08:06:26","slug":"arrenca-la-xxii-asamblea-general-de-lapm","status":"publish","type":"post","link":"https:\/\/araytor.com\/ca\/arrenca-la-xxii-asamblea-general-de-lapm\/","title":{"rendered":"XXII Asamblea General de l&#8217;APM"},"content":{"rendered":"<p><strong>L&#8217;Associaci\u00f3 de Promotors Musicals ha dut a terme la primera jornada de la seva XXII Assemblea General durant tota la tarda d&#8217;aquest dimarts 17 de maig. Professionals, pol\u00edtics i patrocinadors han donat diferents xerrades sobre l&#8217;actualitat de la m\u00fasica en viu i sobre el seu futur.<\/strong><\/p>\n<p>Marcos Ortu\u00f1o Soto, conseller de Presid\u00e8ncia, Turisme, Esports i Cultura de la Regi\u00f3 de M\u00farcia, ha inaugurat de manera oficial l&#8217;Assemblea a les 16.15h\u00a0a la sala Estiu de l&#8217;Hotel\u00a0Nelva.<\/p>\n<p>Una primera jornada que ha comptat amb l&#8217;assist\u00e8ncia de m\u00e9s de 100 professionals i que ha fet un rep\u00e0s a les actuacions de\u00a0APM\u00a0durant el 2021, el lliurament del Premi\u00a0Backstage, la presentaci\u00f3 de\u00a0APM\u00a0Pro i l&#8217;Anuari de la M\u00fasica en Viu 2022, la lliura Premi\u00a0APM\u00a0a aquells promotors que han complert 25 anys i, finalment, un panell de debat obert.<\/p>\n<p>ARRENCA LA XXII EDICI\u00d3 DE L&#8217;ASSEMBLEA GENERAL DE\u00a0APM<br \/>\nL&#8217;assemblea ha comen\u00e7at aquest dimarts 17 de maig a la tarda amb una recepci\u00f3 dels associats i el repartiment d&#8217;acreditacions en l&#8217;Hall de la Sala Estiu de l&#8217;Hotel\u00a0Nelva.<\/p>\n<p>Aquesta gesti\u00f3 ha estat a c\u00e0rrec d&#8217;Aina\u00a0Group, que s&#8217;ha encarregat d&#8217;imprimir i repartir aquestes acreditacions.<\/p>\n<p><img decoding=\"async\" src=\"https:\/\/www.apmusicales.com\/wp-content\/uploads\/IMG_7650-1024x683.jpg\" \/><\/p>\n<p>Posteriorment, Marcos Ortu\u00f1o Soto ha inaugurat oficialment l&#8217;assemblea agraint l&#8217;elecci\u00f3 de M\u00farcia enguany com a ciutat on dur a terme l&#8217;Assemblea Anual de\u00a0APM.<\/p>\n<p>Una assemblea que reuneix m\u00e9s de 100 professionals del sector de la m\u00fasica en viu que, en total, gestionen uns 5.000 concerts a l&#8217;any.<\/p>\n<p>Ortu\u00f1o ha comentat que, des de la Regi\u00f3 de M\u00farcia, aposten per la uni\u00f3 de cultura i turisme. \u00abLa Regi\u00f3 de M\u00farcia \u00e9s terra de cultura i \u00e9s terra de m\u00fasica\u00bb.<\/p>\n<p>\u00c9s per aix\u00f2 que, fa uns mesos, es va crear la marca Festivals de la Regi\u00f3 de M\u00farcia, un projecte que vol ajudar a M\u00farcia a posicionar-se com un referent dins del turisme de festivals. Una iniciativa b\u00e0sica per a enfortir l&#8217;oferta cultural i tur\u00edstica de la regi\u00f3.<\/p>\n<p><strong>ACTUACIONS\u00a0APM\u00a02021<\/strong><br \/>\nEn el marc de tot el 2021, l&#8217;Associaci\u00f3 de Promotors Musicals va realitzar diverses accions dins del sector musical.<\/p>\n<p>Per a comen\u00e7ar, va ajudar en el despla\u00e7ament d&#8217;artistes brit\u00e0nics que, a causa del Brexit, es van trobar amb diversos problemes per a portar els seus gires a Europa. Seguidament, tamb\u00e9 va treballar en la modificaci\u00f3 del criteri sobre la regulaci\u00f3 espec\u00edfica en coordinaci\u00f3 en muntatge d&#8217;espectacles.<\/p>\n<p>Durant el 2021,\u00a0APM\u00a0va estar tamb\u00e9 en contacte constant amb l&#8217;administraci\u00f3 per a col\u00b7laborar en els tr\u00e0mits del Bo Cultural Jove. En afegit, va brindar el seu suport a la Uni\u00f3 de M\u00fasics per a realitzar el seu estudi anual sobre la situaci\u00f3 dels m\u00fasics creadors a Espanya.<\/p>\n<p>En col\u00b7laboraci\u00f3 amb RTVE,\u00a0WiZink\u00a0i Cabildo de la Palma, va celebrar el 8 de gener un concert solitari per als damnificats pel volc\u00e0 de la Palma. Com a associada de\u00a0Es_M\u00fasica,\u00a0APM\u00a0tamb\u00e9 ha ajudat amb les mesures de suport per al sector cultural o l&#8217;Estatut de l&#8217;Artista, entre altres.<\/p>\n<p>Com a membre tamb\u00e9 de la junta directiva de Girant Per Salas, va ajudar en l&#8217;edici\u00f3 #GPS11, que es va realitzar completament en l\u00ednia, i actualment brinda el seu suport a l&#8217;edici\u00f3 #GPS12 d&#8217;enguany.<\/p>\n<p>Finalment,\u00a0APM\u00a0ha dut a terme diferents\u00a0webinars\u00a0com a STOP Revenda, sobre l&#8217;Impost de no residents i sobre les Ajudes del\u00a0INAEM, tant a les estructures com a la Dansa, la L\u00edrica i la M\u00fasica.<\/p>\n<p><strong>LLIURAMENT DEL PREMI\u00a0BACKSTAGE<\/strong><br \/>\nEl premi\u00a0backstage, que deu el seu nom a la seva forma -\u00e9s una escultura representativa d&#8217;una passada\u00a0backstage-, reconeix la contribuci\u00f3 i dedicaci\u00f3 de prestigioses personalitats i institucions al m\u00f3n de la m\u00fasica en directe.<\/p>\n<p>En els seus onze anys de vida, el premi ha guardonat iniciatives com la plataforma juvenil Volem entrar!, els m\u00fasics Joan Manuel Serrat i Miguel R\u00edos, i el periodista Diego A. Manrique.<\/p>\n<p>Enguany, la primera guardonada ha estat M\u00fasica en Vena, una associaci\u00f3 sense \u00e0nim de lucre dedicada des de 2012 a transformar en alleujament el sofriment de les persones als hospitals a trav\u00e9s de la m\u00fasica en directe.<\/p>\n<p>\u00ab\u00c9s una iniciativa magn\u00edfica que recomano a molts de vosaltres i a artistes joves\u00bb, va declarar Julio Mart\u00ed, director de\u00a0Serious\u00a0Fan\u00a0Music.<\/p>\n<p>El segon premiat ha estat M\u00fasics per la Salut, un projecte de la Fundaci\u00f3 Social\u00a0District\u00a0l&#8217;objectiu de la qual des de 2015 \u00e9s acompanyar i fer costat a les persones en el moment que m\u00e9s el necessiten, associant l&#8217;impacte positiu de la m\u00fasica amb la salut.<\/p>\n<p>\u00abEfectivament la m\u00fasica, juntament amb els sanitaris, han estat claus\u00bb, va afegir Mart\u00ed.<\/p>\n<p><strong>PRESENTACI\u00d3 DE\u00a0APM\u00a0PRO<\/strong><br \/>\nCarol\u00a0Rodr\u00edguez, de Produccions Baltimore, ha presentat durant aquesta jornada\u00a0APM\u00a0PRO, una iniciativa que neix despr\u00e9s de dos anys de pand\u00e8mia com una autocr\u00edtica poderosa sobre \u00abfins on arribem, quant coneixement tenim i quant ens falta\u00bb.<\/p>\n<p>Organitzat per\u00a0Sympathy\u00a0For\u00a0The\u00a0Lawyer\u00a0per a\u00a0APM,\u00a0APM\u00a0PRO t\u00e9 com a base dos pilars fonamentals: la formaci\u00f3 i la divulgaci\u00f3, amb l&#8217;objectiu de proporcionar un espai d&#8217;assessoria completa per als seus socis.<\/p>\n<p>Es desenvoluparan dues assessories al mes, en total dotze assessories exclusives durant 2022. La primera es realitzar\u00e0 la segona setmana de cada mes i ser\u00e0 formativa, dedicada a la labor del promotor. La segona, en la quarta setmana de cada mes, tindr\u00e0 contingut divulgatiu de l&#8217;actualitat.<\/p>\n<p>La proposta de temes ser\u00e0 revisada pels socis i s&#8217;habilitar\u00e0 una b\u00fastia on fer arribar els suggeriments de tem\u00e0tiques, podent desenvolupar aix\u00ed continguts que aportin valor a la seva activitat professional di\u00e0ria.<\/p>\n<p>Quant a formats, aquestes assessories es desenvoluparan en format v\u00eddeos-assessoria de curta durada i amb car\u00e0cter pr\u00e0ctica; en\u00a0webinar\u00a0en directe que despr\u00e9s podr\u00e0 visionar-se en diferit; i en un butllet\u00ed informatiu que es distribuir\u00e0 una vegada al mes.<\/p>\n<p><img decoding=\"async\" src=\"https:\/\/www.apmusicales.com\/wp-content\/uploads\/IMG_7668-1024x683.jpg\" \/><\/p>\n<p><strong>ANUARI DE LA M\u00daSICA EN VIU 2022<\/strong><br \/>\nAlbert\u00a0Salmer\u00f3n, president de\u00a0APM, ha presentat tamb\u00e9 l&#8217;Anuari de la M\u00fasica en Viu 2022, una publicaci\u00f3 de refer\u00e8ncia que cada any recull les dades de facturaci\u00f3 de la m\u00fasica en viu i el r\u00e0nquing de gires i festivals de l&#8217;any anterior, a m\u00e9s de grans reportatges sobre el sector.<\/p>\n<p>Enguany, en la roda de premsa celebrada el passat 19 d&#8217;abril en\u00a0IFEMA, es van presentar totes les dades del 2021. Despr\u00e9s d&#8217;aix\u00f2, la repercussi\u00f3 de l&#8217;Anuari ha aconseguit a m\u00e9s de 100 mitjans de comunicaci\u00f3 nacionals i internacionals.<\/p>\n<p>En afegit, l&#8217;Anuari compta amb una distribuci\u00f3 de 3.000 exemplars que s&#8217;envien a empreses, promotores,\u00a0managers, sales de concerts, mitjans de comunicaci\u00f3, seus d&#8217;empreses comercials i agents del sector.<\/p>\n<p><strong>LLIURAMENT DEL PREMI\u00a0APM<\/strong><br \/>\nEl Premi\u00a0APM, que reconeix a aquells associats que compleixen 25 anys com a promotors de concerts, s&#8217;ha lliurat enguany a Lorenzo P\u00e9rez,\u00a0CEO\u00a0de\u00a0Mundosenti2.<\/p>\n<p>\u00abSer promotor \u00e9s una cosa que no es veu\u00bb, ha declarat Lorenzo L\u00f3pez, afegint que, no obstant aix\u00f2, li omple \u00abser aqu\u00ed i continuar treballant, produint i comentant la m\u00fasica en directe que \u00e9s el que ens dona molta vida i molta passi\u00f3\u00bb.<\/p>\n<p><img decoding=\"async\" src=\"https:\/\/www.apmusicales.com\/wp-content\/uploads\/IMG_7686-1024x683.jpg\" \/><\/p>\n<div class=\"traductor-textarea form-group\">\n<div class=\"textarea-desti col-xs-12 col-sm-6\">\n<div class=\"form-control second-textarea\">\n<p><strong>SEGONA JORNADA<\/strong><\/p>\n<p>L&#8217;Associaci\u00f3 de Promotors Musicals ha dut a terme la segona i \u00faltima jornada de la seva XXII Assemblea General aquest dimecres 18 de maig.<\/p>\n<p>Professionals, pol\u00edtics i patrocinadors han donat diferents xerrades sobre l&#8217;actualitat de la m\u00fasica en viu i sobre el seu futur.<\/p>\n<p><strong>FUN\u00a0&amp;\u00a0MONEY<\/strong><br \/>\nJuli\u00e1n Galindo, fundador de\u00a0Fun\u00a0&amp;\u00a0Money\u00a0(Carrillo\u00a0Asesores)\u00a0ha estat el responsable d&#8217;obrir la jornada amb una xerrada sobre el nou sistema de bestretes que acompanya al promotor des de la primera inversi\u00f3 del seu esdeveniment.<\/p>\n<p>\u201cLa idea \u00e9s transmetre a les persones que invertir en m\u00fasica i cultura \u00e9s una inversi\u00f3 segura\u201d, ha declarat Galindo.<\/p>\n<\/div>\n<div class=\"form-control second-textarea\"><img fetchpriority=\"high\" decoding=\"async\" class=\"wp-image-1138481\" src=\"https:\/\/www.apmusicales.com\/wp-content\/uploads\/WhatsApp-Image-2022-05-18-at-10.51.35-AM-1024x487.jpeg\" sizes=\"(max-width: 1024px) 100vw, 1024px\" srcset=\"https:\/\/www.apmusicales.com\/wp-content\/uploads\/WhatsApp-Image-2022-05-18-at-10.51.35-AM-1024x487.jpeg 1024w, https:\/\/www.apmusicales.com\/wp-content\/uploads\/WhatsApp-Image-2022-05-18-at-10.51.35-AM-300x143.jpeg 300w, https:\/\/www.apmusicales.com\/wp-content\/uploads\/WhatsApp-Image-2022-05-18-at-10.51.35-AM-768x365.jpeg 768w, https:\/\/www.apmusicales.com\/wp-content\/uploads\/WhatsApp-Image-2022-05-18-at-10.51.35-AM-600x285.jpeg 600w, https:\/\/www.apmusicales.com\/wp-content\/uploads\/WhatsApp-Image-2022-05-18-at-10.51.35-AM-1536x730.jpeg 1536w, https:\/\/www.apmusicales.com\/wp-content\/uploads\/WhatsApp-Image-2022-05-18-at-10.51.35-AM-750x356.jpeg 750w, https:\/\/www.apmusicales.com\/wp-content\/uploads\/WhatsApp-Image-2022-05-18-at-10.51.35-AM-1200x570.jpeg 1200w, https:\/\/www.apmusicales.com\/wp-content\/uploads\/WhatsApp-Image-2022-05-18-at-10.51.35-AM-500x238.jpeg 500w, https:\/\/www.apmusicales.com\/wp-content\/uploads\/WhatsApp-Image-2022-05-18-at-10.51.35-AM.jpeg 2047w\" alt=\"\" width=\"1024\" height=\"487\" \/><strong>FESTIVALS DE LA REGI\u00d3 DE M\u00daRCIA. M\u00c9S M\u00daSICA<\/strong><br \/>\nLa jornada ha continuat amb la pon\u00e8ncia de Manuel Cebri\u00e1n, director de l&#8217;Institut de les Ind\u00fastries Culturals i les Arts (ICE), que ha tractat sobre la marca \u2018Festivals Regi\u00f3 de M\u00farcia, M\u00e9s M\u00fasica\u2018.<\/p>\n<p>Un distintiu creat al comen\u00e7ament d&#8217;enguany pel Govern de la Regi\u00f3 de M\u00farcia per a dinamitzar el sector i crear un recurs cultural i tur\u00edstic capa\u00e7 d&#8217;oferir una experi\u00e8ncia \u00fanica i de qualitat al visitant durant totes les \u00e8poques de l&#8217;any.<\/p>\n<p>\u00abEl p\u00fablic est\u00e0 buscant un lloc on no solament pugui escoltar bona m\u00fasica, sin\u00f3 que tamb\u00e9 pugui viure grans experi\u00e8ncies emocionals\u00bb.<\/p>\n<p><strong>\u00c9S_M\u00daSICA &amp;\u00a0SYMPATHY\u00a0FOR\u00a0THE\u00a0LAWYER<\/strong><br \/>\nA continuaci\u00f3, Manuel \u00c1ngel L\u00f3pez,\u00a0CEO\u00a0de\u00a0Sympathy\u00a0For\u00a0The\u00a0Lawyer\u00a0i L\u00eddia\u00a0G\u00e1mez, s\u00f2cia de\u00a0Sympathy\u00a0For\u00a0The\u00a0Lawyer\u00a0&amp;\u00a0Managing\u00a0Partner\u00a0de la secretaria t\u00e8cnica de\u00a0Es_M\u00fasica, han presentat\u00a0APM\u00a0PRO, una nova proposta desenvolupada per la signatura legal que proposa realitzar un calendari de continguts formatius i divulgatius, amb l&#8217;objectiu de proporcionar una assessoria completa als seus socis.<\/p>\n<p>\u00abLa reforma laboral \u00e9s una q\u00fcesti\u00f3 que ha tingut un impacte tremend en l&#8217;activitat de la m\u00fasica en viu\u00bb, ha explicat L\u00f3pez.<\/p>\n<p>Aix\u00ed, han iniciat la primera assessoria als assistents tractant l&#8217;impacte de la reforma laboral en la m\u00fasica en viu en el nou r\u00e8gim amb artistes i t\u00e8cnics.<\/p>\n<p>Seguidament, els mateixos ponents han dut a terme una revisi\u00f3 m\u00e8dica jur\u00eddica per a oferir eines i resoldre dubtes sobre els assumptes legals dels socis.<\/p>\n<\/div>\n<div><\/div>\n<div class=\"form-control second-textarea\"><img decoding=\"async\" class=\"wp-image-1138480\" src=\"https:\/\/www.apmusicales.com\/wp-content\/uploads\/WhatsApp-Image-2022-05-18-at-11.42.19-AM-1024x574.jpeg\" sizes=\"(max-width: 1024px) 100vw, 1024px\" srcset=\"https:\/\/www.apmusicales.com\/wp-content\/uploads\/WhatsApp-Image-2022-05-18-at-11.42.19-AM-1024x574.jpeg 1024w, https:\/\/www.apmusicales.com\/wp-content\/uploads\/WhatsApp-Image-2022-05-18-at-11.42.19-AM-300x168.jpeg 300w, https:\/\/www.apmusicales.com\/wp-content\/uploads\/WhatsApp-Image-2022-05-18-at-11.42.19-AM-768x431.jpeg 768w, https:\/\/www.apmusicales.com\/wp-content\/uploads\/WhatsApp-Image-2022-05-18-at-11.42.19-AM-600x336.jpeg 600w, https:\/\/www.apmusicales.com\/wp-content\/uploads\/WhatsApp-Image-2022-05-18-at-11.42.19-AM-1536x861.jpeg 1536w, https:\/\/www.apmusicales.com\/wp-content\/uploads\/WhatsApp-Image-2022-05-18-at-11.42.19-AM-750x420.jpeg 750w, https:\/\/www.apmusicales.com\/wp-content\/uploads\/WhatsApp-Image-2022-05-18-at-11.42.19-AM-1200x673.jpeg 1200w, https:\/\/www.apmusicales.com\/wp-content\/uploads\/WhatsApp-Image-2022-05-18-at-11.42.19-AM-500x280.jpeg 500w, https:\/\/www.apmusicales.com\/wp-content\/uploads\/WhatsApp-Image-2022-05-18-at-11.42.19-AM.jpeg 2048w\" alt=\"\" width=\"1024\" height=\"574\" \/><\/div>\n<div class=\"form-control second-textarea\"><strong>ARAYTOR<\/strong><br \/>\nLes xerrades s&#8217;han repr\u00e8s a les 16:00h\u00a0amb la pon\u00e8ncia de\u00a0Dion\u00eds\u00a0Aymar,\u00a0CEO\u00a0de\u00a0Araytor, sobre la situaci\u00f3 actual en el mercat de les assegurances.\u00abVull posar damunt de la taula dues coses: d&#8217;una banda, el fet d&#8217;harmonitzar a l&#8217;administraci\u00f3,\u00a0venues\u00a0i altres integrants en el que ens exigeixen de protecci\u00f3 civil i, per l&#8217;altra, respecte a l&#8217;asseguran\u00e7a de cancel\u00b7laci\u00f3, ser conscients de la situaci\u00f3 actual canviant\u00bb.<\/p>\n<p><strong>PRODUCCIONS BALTIMORE &amp;\u00a0BRUNCH-*IN<\/strong><br \/>\nCarol\u00a0Rodr\u00edguez, directora de Produccions Baltimore, i Andrea\u00a0Lamount, directora de\u00a0RSC\u00a0&amp; Relacions Institucionals de\u00a0Brunch-*In, han realitzat un panell sobre innovaci\u00f3 social i mediambiental per a festivals.<\/p>\n<\/div>\n<\/div>\n<\/div>\n<div><\/div>\n<div><img decoding=\"async\" class=\"wp-image-1138479\" src=\"https:\/\/www.apmusicales.com\/wp-content\/uploads\/WhatsApp-Image-2022-05-18-at-4.48.26-PM-1024x661.jpeg\" sizes=\"(max-width: 1024px) 100vw, 1024px\" srcset=\"https:\/\/www.apmusicales.com\/wp-content\/uploads\/WhatsApp-Image-2022-05-18-at-4.48.26-PM-1024x661.jpeg 1024w, https:\/\/www.apmusicales.com\/wp-content\/uploads\/WhatsApp-Image-2022-05-18-at-4.48.26-PM-300x194.jpeg 300w, https:\/\/www.apmusicales.com\/wp-content\/uploads\/WhatsApp-Image-2022-05-18-at-4.48.26-PM-768x496.jpeg 768w, https:\/\/www.apmusicales.com\/wp-content\/uploads\/WhatsApp-Image-2022-05-18-at-4.48.26-PM-600x387.jpeg 600w, https:\/\/www.apmusicales.com\/wp-content\/uploads\/WhatsApp-Image-2022-05-18-at-4.48.26-PM-1536x991.jpeg 1536w, https:\/\/www.apmusicales.com\/wp-content\/uploads\/WhatsApp-Image-2022-05-18-at-4.48.26-PM-750x484.jpeg 750w, https:\/\/www.apmusicales.com\/wp-content\/uploads\/WhatsApp-Image-2022-05-18-at-4.48.26-PM-1200x774.jpeg 1200w, https:\/\/www.apmusicales.com\/wp-content\/uploads\/WhatsApp-Image-2022-05-18-at-4.48.26-PM-500x323.jpeg 500w, https:\/\/www.apmusicales.com\/wp-content\/uploads\/WhatsApp-Image-2022-05-18-at-4.48.26-PM.jpeg 2047w\" alt=\"\" width=\"1024\" height=\"661\" \/><\/div>\n<p><strong>PANELL DE DEBAT OBERT<\/strong><br \/>\nPer a finalitzar la jornada, a les 17.15h\u00a0s&#8217;ha realitzat un debat obert on tots els promotors i promotores han pogut donar la seva opini\u00f3 sobre els temes tractats durant la tarda.<\/p>\n","protected":false},"excerpt":{"rendered":"<p>L&#8217;Associaci\u00f3 de Promotors Musicals ha dut a terme la primera jornada de la seva XXII Assemblea General durant tota la [&hellip;]<\/p>\n","protected":false},"author":2,"featured_media":11078,"comment_status":"open","ping_status":"open","sticky":false,"template":"","format":"standard","meta":{"footnotes":""},"categories":[58],"tags":[],"class_list":["post-11081","post","type-post","status-publish","format-standard","has-post-thumbnail","hentry","category-noticies"],"yoast_head":"<!-- This site is optimized with the Yoast SEO plugin v20.6 - https:\/\/yoast.com\/wordpress\/plugins\/seo\/ -->\n<title>XXII Asamblea General de l&#039;APM - Araytor Corredur\u00eda de Seguros<\/title>\n<meta name=\"robots\" content=\"index, follow, max-snippet:-1, max-image-preview:large, max-video-preview:-1\" \/>\n<link rel=\"canonical\" href=\"https:\/\/araytor.com\/ca\/arrenca-la-xxii-asamblea-general-de-lapm\/\" \/>\n<meta property=\"og:locale\" content=\"ca_ES\" \/>\n<meta property=\"og:type\" content=\"article\" \/>\n<meta property=\"og:title\" content=\"XXII Asamblea General de l&#039;APM - Araytor Corredur\u00eda de Seguros\" \/>\n<meta property=\"og:description\" content=\"L&#8217;Associaci\u00f3 de Promotors Musicals ha dut a terme la primera jornada de la seva XXII Assemblea General durant tota la [&hellip;]\" \/>\n<meta property=\"og:url\" content=\"https:\/\/araytor.com\/ca\/arrenca-la-xxii-asamblea-general-de-lapm\/\" \/>\n<meta property=\"og:site_name\" content=\"Araytor Corredur\u00eda de Seguros\" \/>\n<meta property=\"article:published_time\" content=\"2022-05-18T07:37:24+00:00\" \/>\n<meta property=\"article:modified_time\" content=\"2022-05-20T08:06:26+00:00\" \/>\n<meta property=\"og:image\" content=\"https:\/\/araytor.com\/wp-content\/uploads\/2022\/05\/APM-2022-araytor.jpg\" \/>\n\t<meta property=\"og:image:width\" content=\"600\" \/>\n\t<meta property=\"og:image:height\" content=\"401\" \/>\n\t<meta property=\"og:image:type\" content=\"image\/jpeg\" \/>\n<meta name=\"author\" content=\"Araytor Events\" \/>\n<meta name=\"twitter:card\" content=\"summary_large_image\" \/>\n<meta name=\"twitter:label1\" content=\"Escrit per\" \/>\n\t<meta name=\"twitter:data1\" content=\"Araytor Events\" \/>\n\t<meta name=\"twitter:label2\" content=\"Temps estimat de lectura\" \/>\n\t<meta name=\"twitter:data2\" content=\"9 minuts\" \/>\n<script type=\"application\/ld+json\" class=\"yoast-schema-graph\">{\"@context\":\"https:\/\/schema.org\",\"@graph\":[{\"@type\":\"WebPage\",\"@id\":\"https:\/\/araytor.com\/ca\/arrenca-la-xxii-asamblea-general-de-lapm\/\",\"url\":\"https:\/\/araytor.com\/ca\/arrenca-la-xxii-asamblea-general-de-lapm\/\",\"name\":\"XXII Asamblea General de l'APM - Araytor Corredur\u00eda de Seguros\",\"isPartOf\":{\"@id\":\"https:\/\/araytor.com\/#website\"},\"datePublished\":\"2022-05-18T07:37:24+00:00\",\"dateModified\":\"2022-05-20T08:06:26+00:00\",\"author\":{\"@id\":\"https:\/\/araytor.com\/#\/schema\/person\/ebc25c23dcae9c95b6fe86784d01a4cd\"},\"breadcrumb\":{\"@id\":\"https:\/\/araytor.com\/ca\/arrenca-la-xxii-asamblea-general-de-lapm\/#breadcrumb\"},\"inLanguage\":\"ca\",\"potentialAction\":[{\"@type\":\"ReadAction\",\"target\":[\"https:\/\/araytor.com\/ca\/arrenca-la-xxii-asamblea-general-de-lapm\/\"]}]},{\"@type\":\"BreadcrumbList\",\"@id\":\"https:\/\/araytor.com\/ca\/arrenca-la-xxii-asamblea-general-de-lapm\/#breadcrumb\",\"itemListElement\":[{\"@type\":\"ListItem\",\"position\":1,\"name\":\"Portada\",\"item\":\"https:\/\/araytor.com\/\"},{\"@type\":\"ListItem\",\"position\":2,\"name\":\"XXII Asamblea General de l&#8217;APM\"}]},{\"@type\":\"WebSite\",\"@id\":\"https:\/\/araytor.com\/#website\",\"url\":\"https:\/\/araytor.com\/\",\"name\":\"Araytor Corredur\u00eda de Seguros\",\"description\":\"Seguro de espect\u00e1culos\",\"potentialAction\":[{\"@type\":\"SearchAction\",\"target\":{\"@type\":\"EntryPoint\",\"urlTemplate\":\"https:\/\/araytor.com\/?s={search_term_string}\"},\"query-input\":\"required name=search_term_string\"}],\"inLanguage\":\"ca\"},{\"@type\":\"Person\",\"@id\":\"https:\/\/araytor.com\/#\/schema\/person\/ebc25c23dcae9c95b6fe86784d01a4cd\",\"name\":\"Araytor Events\",\"image\":{\"@type\":\"ImageObject\",\"inLanguage\":\"ca\",\"@id\":\"https:\/\/araytor.com\/#\/schema\/person\/image\/\",\"url\":\"https:\/\/secure.gravatar.com\/avatar\/2560b2b7fa2447c6d32b02fa24f651d42f2ffbdad2164b39e8e7b446af001997?s=96&d=mm&r=g\",\"contentUrl\":\"https:\/\/secure.gravatar.com\/avatar\/2560b2b7fa2447c6d32b02fa24f651d42f2ffbdad2164b39e8e7b446af001997?s=96&d=mm&r=g\",\"caption\":\"Araytor Events\"},\"url\":\"https:\/\/araytor.com\/ca\/author\/carlos\/\"}]}<\/script>\n<!-- \/ Yoast SEO plugin. -->","yoast_head_json":{"title":"XXII Asamblea General de l'APM - Araytor Corredur\u00eda de Seguros","robots":{"index":"index","follow":"follow","max-snippet":"max-snippet:-1","max-image-preview":"max-image-preview:large","max-video-preview":"max-video-preview:-1"},"canonical":"https:\/\/araytor.com\/ca\/arrenca-la-xxii-asamblea-general-de-lapm\/","og_locale":"ca_ES","og_type":"article","og_title":"XXII Asamblea General de l'APM - Araytor Corredur\u00eda de Seguros","og_description":"L&#8217;Associaci\u00f3 de Promotors Musicals ha dut a terme la primera jornada de la seva XXII Assemblea General durant tota la [&hellip;]","og_url":"https:\/\/araytor.com\/ca\/arrenca-la-xxii-asamblea-general-de-lapm\/","og_site_name":"Araytor Corredur\u00eda de Seguros","article_published_time":"2022-05-18T07:37:24+00:00","article_modified_time":"2022-05-20T08:06:26+00:00","og_image":[{"width":600,"height":401,"url":"https:\/\/araytor.com\/wp-content\/uploads\/2022\/05\/APM-2022-araytor.jpg","type":"image\/jpeg"}],"author":"Araytor Events","twitter_card":"summary_large_image","twitter_misc":{"Escrit per":"Araytor Events","Temps estimat de lectura":"9 minuts"},"schema":{"@context":"https:\/\/schema.org","@graph":[{"@type":"WebPage","@id":"https:\/\/araytor.com\/ca\/arrenca-la-xxii-asamblea-general-de-lapm\/","url":"https:\/\/araytor.com\/ca\/arrenca-la-xxii-asamblea-general-de-lapm\/","name":"XXII Asamblea General de l'APM - Araytor Corredur\u00eda de Seguros","isPartOf":{"@id":"https:\/\/araytor.com\/#website"},"datePublished":"2022-05-18T07:37:24+00:00","dateModified":"2022-05-20T08:06:26+00:00","author":{"@id":"https:\/\/araytor.com\/#\/schema\/person\/ebc25c23dcae9c95b6fe86784d01a4cd"},"breadcrumb":{"@id":"https:\/\/araytor.com\/ca\/arrenca-la-xxii-asamblea-general-de-lapm\/#breadcrumb"},"inLanguage":"ca","potentialAction":[{"@type":"ReadAction","target":["https:\/\/araytor.com\/ca\/arrenca-la-xxii-asamblea-general-de-lapm\/"]}]},{"@type":"BreadcrumbList","@id":"https:\/\/araytor.com\/ca\/arrenca-la-xxii-asamblea-general-de-lapm\/#breadcrumb","itemListElement":[{"@type":"ListItem","position":1,"name":"Portada","item":"https:\/\/araytor.com\/"},{"@type":"ListItem","position":2,"name":"XXII Asamblea General de l&#8217;APM"}]},{"@type":"WebSite","@id":"https:\/\/araytor.com\/#website","url":"https:\/\/araytor.com\/","name":"Araytor Corredur\u00eda de Seguros","description":"Seguro de espect\u00e1culos","potentialAction":[{"@type":"SearchAction","target":{"@type":"EntryPoint","urlTemplate":"https:\/\/araytor.com\/?s={search_term_string}"},"query-input":"required name=search_term_string"}],"inLanguage":"ca"},{"@type":"Person","@id":"https:\/\/araytor.com\/#\/schema\/person\/ebc25c23dcae9c95b6fe86784d01a4cd","name":"Araytor Events","image":{"@type":"ImageObject","inLanguage":"ca","@id":"https:\/\/araytor.com\/#\/schema\/person\/image\/","url":"https:\/\/secure.gravatar.com\/avatar\/2560b2b7fa2447c6d32b02fa24f651d42f2ffbdad2164b39e8e7b446af001997?s=96&d=mm&r=g","contentUrl":"https:\/\/secure.gravatar.com\/avatar\/2560b2b7fa2447c6d32b02fa24f651d42f2ffbdad2164b39e8e7b446af001997?s=96&d=mm&r=g","caption":"Araytor Events"},"url":"https:\/\/araytor.com\/ca\/author\/carlos\/"}]}},"_links":{"self":[{"href":"https:\/\/araytor.com\/ca\/wp-json\/wp\/v2\/posts\/11081","targetHints":{"allow":["GET"]}}],"collection":[{"href":"https:\/\/araytor.com\/ca\/wp-json\/wp\/v2\/posts"}],"about":[{"href":"https:\/\/araytor.com\/ca\/wp-json\/wp\/v2\/types\/post"}],"author":[{"embeddable":true,"href":"https:\/\/araytor.com\/ca\/wp-json\/wp\/v2\/users\/2"}],"replies":[{"embeddable":true,"href":"https:\/\/araytor.com\/ca\/wp-json\/wp\/v2\/comments?post=11081"}],"version-history":[{"count":4,"href":"https:\/\/araytor.com\/ca\/wp-json\/wp\/v2\/posts\/11081\/revisions"}],"predecessor-version":[{"id":11090,"href":"https:\/\/araytor.com\/ca\/wp-json\/wp\/v2\/posts\/11081\/revisions\/11090"}],"wp:featuredmedia":[{"embeddable":true,"href":"https:\/\/araytor.com\/ca\/wp-json\/wp\/v2\/media\/11078"}],"wp:attachment":[{"href":"https:\/\/araytor.com\/ca\/wp-json\/wp\/v2\/media?parent=11081"}],"wp:term":[{"taxonomy":"category","embeddable":true,"href":"https:\/\/araytor.com\/ca\/wp-json\/wp\/v2\/categories?post=11081"},{"taxonomy":"post_tag","embeddable":true,"href":"https:\/\/araytor.com\/ca\/wp-json\/wp\/v2\/tags?post=11081"}],"curies":[{"name":"wp","href":"https:\/\/api.w.org\/{rel}","templated":true}]}}