{"id":11077,"date":"2022-05-18T09:35:26","date_gmt":"2022-05-18T07:35:26","guid":{"rendered":"https:\/\/araytor.com\/?p=11077"},"modified":"2022-05-20T10:06:12","modified_gmt":"2022-05-20T08:06:12","slug":"arranca-la-xxii-asamblea-general-de-apm","status":"publish","type":"post","link":"https:\/\/araytor.com\/en\/arranca-la-xxii-asamblea-general-de-apm\/","title":{"rendered":"XXII Asamblea General de APM"},"content":{"rendered":"<p>La Asociaci\u00f3n de Promotores Musicales ha llevado a cabo la primera jornada de su XXII Asamblea General durante toda la tarde de este\u00a0martes 17 de mayo. Profesionales, pol\u00edticos y patrocinadores han dado diferentes\u00a0charlas sobre la actualidad de la m\u00fasica en vivo y sobre su futuro.<\/p>\n<p>Marcos Ortu\u00f1o Soto, consejero de Presidencia, Turismo, Deportes y Cultura de la Regi\u00f3n de Murcia,\u00a0ha inaugurado de forma oficial la Asamblea a las 16.15h\u00a0en la sala Verano del Hotel Nelva.<\/p>\n<p>Una primera jornada que ha contado con la asistencia de m\u00e1s de 100 profesionales y que ha hecho un repaso a las\u00a0actuaciones de APM durante el 2021, la\u00a0entrega del Premio Backstage, la\u00a0presentaci\u00f3n de APM Pro\u00a0y el\u00a0Anuario de la M\u00fasica en Vivo 2022, la\u00a0entrega Premio APM\u00a0a aquellos promotores que han cumplido 25 a\u00f1os y, finalmente, un\u00a0panel de debate abierto.<\/p>\n<h5>ARRANCA LA XXII EDICI\u00d3N DE LA ASAMBLEA GENERAL DE APM<\/h5>\n<p>La asamblea ha comenzado este martes 17 de mayo por la tarde con una\u00a0recepci\u00f3n de los asociados y el reparto de acreditaciones\u00a0en el Hall de la Sala Verano del Hotel Nelva.<\/p>\n<p>Esta gesti\u00f3n ha corrido a cargo de\u00a0<a href=\"https:\/\/www.ainasg.es\/\">Aina\u00a0Group<\/a>, que se ha encargado de imprimir y repartir estas acreditaciones.<\/p>\n<figure class=\"wp-block-image size-large\"><img fetchpriority=\"high\" decoding=\"async\" class=\"wp-image-1138393\" src=\"https:\/\/www.apmusicales.com\/wp-content\/uploads\/IMG_7650-1024x683.jpg\" sizes=\"(max-width: 1024px) 100vw, 1024px\" srcset=\"https:\/\/www.apmusicales.com\/wp-content\/uploads\/IMG_7650-1024x683.jpg 1024w, https:\/\/www.apmusicales.com\/wp-content\/uploads\/IMG_7650-300x200.jpg 300w, https:\/\/www.apmusicales.com\/wp-content\/uploads\/IMG_7650-768x512.jpg 768w, https:\/\/www.apmusicales.com\/wp-content\/uploads\/IMG_7650-600x400.jpg 600w, https:\/\/www.apmusicales.com\/wp-content\/uploads\/IMG_7650-1536x1024.jpg 1536w, https:\/\/www.apmusicales.com\/wp-content\/uploads\/IMG_7650-2048x1365.jpg 2048w, https:\/\/www.apmusicales.com\/wp-content\/uploads\/IMG_7650-360x240.jpg 360w, https:\/\/www.apmusicales.com\/wp-content\/uploads\/IMG_7650-480x320.jpg 480w, https:\/\/www.apmusicales.com\/wp-content\/uploads\/IMG_7650-720x480.jpg 720w, https:\/\/www.apmusicales.com\/wp-content\/uploads\/IMG_7650-1200x800.jpg 1200w, https:\/\/www.apmusicales.com\/wp-content\/uploads\/IMG_7650-750x500.jpg 750w, https:\/\/www.apmusicales.com\/wp-content\/uploads\/IMG_7650-500x333.jpg 500w\" alt=\"\" width=\"1024\" height=\"683\" \/><\/figure>\n<p>Posteriormente,\u00a0Marcos Ortu\u00f1o Soto\u00a0ha inaugurado oficialmente la asamblea\u00a0agradeciendo la elecci\u00f3n de Murcia este a\u00f1o como ciudad donde llevar a cabo la Asamblea Anual de APM.<\/p>\n<p>Una asamblea que re\u00fane a\u00a0m\u00e1s de 100 profesionales del sector\u00a0de la m\u00fasica en vivo que, en total, gestionan unos 5.000 conciertos al a\u00f1o.<\/p>\n<p>Ortu\u00f1o ha comentado que,\u00a0desde la Regi\u00f3n de Murcia, apuestan por la uni\u00f3n de cultura y turismo. \u00abLa Regi\u00f3n de Murcia es tierra de cultura y es tierra de m\u00fasica\u00bb.<\/p>\n<p>Es por eso que, hace unos meses, se cre\u00f3 la marca\u00a0Festivales de la Regi\u00f3n de Murcia, un proyecto que quiere\u00a0ayudar a Murcia a posicionarse como un referente dentro del turismo de festivales. Una iniciativa b\u00e1sica para fortalecer la oferta cultural y tur\u00edstica de la regi\u00f3n.<\/p>\n<h5>ACTUACIONES APM 2021<\/h5>\n<p>En el marco de todo el 2021, la Asociaci\u00f3n de Promotores Musicales realiz\u00f3 diversas acciones dentro del sector musical.<\/p>\n<p>Para empezar, ayud\u00f3 en el\u00a0desplazamiento de artistas\u00a0brit\u00e1nicos\u00a0que, a causa del Brexit, se encontraron con diversos problemas para llevar sus giras a Europa. Seguidamente, tambi\u00e9n trabaj\u00f3 en la modificaci\u00f3n del criterio sobre la\u00a0regulaci\u00f3n espec\u00edfica en coordinaci\u00f3n en montaje de espect\u00e1culos.<\/p>\n<p>Durante el 2021, APM estuvo tambi\u00e9n en contacto constante con la administraci\u00f3n para colaborar en los tr\u00e1mites del\u00a0<a href=\"https:\/\/www.apmusicales.com\/todo-lo-que-necesitas-saber-sobre-el-bono-cultural-joven\/\">Bono Cultural Joven<\/a>. En a\u00f1adido, brind\u00f3 su apoyo a la\u00a0<a href=\"https:\/\/www.uniondemusicos.es\/\">Uni\u00f3n de M\u00fasicos<\/a>\u00a0para realizar su\u00a0estudio anual sobre la situaci\u00f3n de los m\u00fasicos creadores en Espa\u00f1a.<\/p>\n<p>En colaboraci\u00f3n con\u00a0<a href=\"https:\/\/www.rtve.es\/\">RTVE<\/a>,\u00a0<a href=\"https:\/\/www.wizink.es\/public\/home\">WiZink<\/a>\u00a0y\u00a0<a href=\"https:\/\/www.cabildodelapalma.es\/es\">Cabildo de La Palma<\/a>, celebr\u00f3 el 8 de enero un\u00a0<a href=\"https:\/\/www.apmusicales.com\/la-gala-benefica-la-musica-con-la-palma-mas-fuertes-que-el-volcan-recaudo-cerca-de-un-millon-de-euros\/\">concierto solitario<\/a>\u00a0para los damnificados por el volc\u00e1n de La Palma. Como asociada de Es_M\u00fasica, APM tambi\u00e9n ha ayudado con las medidas de apoyo para el sector cultural o el Estatuto del Artista, entre otros.<\/p>\n<p>Como miembro tambi\u00e9n de la junta directiva de\u00a0<a href=\"https:\/\/www.girandoporsalas.com\/\">Girando Por Salas<\/a>, ayud\u00f3 en la edici\u00f3n #GPS11, que se realiz\u00f3 completamente online, y actualmente brinda su apoyo a la edici\u00f3n\u00a0#GPS12\u00a0de este a\u00f1o.<\/p>\n<p>Por \u00faltimo, APM ha llevado a cabo diferentes\u00a0webinars\u00a0como\u00a0<a href=\"https:\/\/www.apmusicales.com\/apm-organiza-una-serie-de-webinars-sobre-la-reventa-de-entradas\/\">STOP Reventa<\/a>, sobre el\u00a0<a href=\"https:\/\/www.apmusicales.com\/apm-organiza-un-webinar-sobre-el-cumplimiento-normativo-con-artistas-extranjeros\/\">Impuesto de no residentes<\/a>\u00a0y sobre las\u00a0<a href=\"https:\/\/www.apmusicales.com\/webinar-de-es_musica-ayudas-para-la-musica-inaem-2021\/\">Ayudas del INAEM<\/a>, tanto a las estructuras como a la Danza, la L\u00edrica y la M\u00fasica.<\/p>\n<h5>ENTREGA DEL PREMIO BACKSTAGE<\/h5>\n<p>El\u00a0premio backstage, que debe su nombre a su forma -es una escultura representativa de un pase backstage-,\u00a0reconoce la contribuci\u00f3n y dedicaci\u00f3n de prestigiosas personalidades e instituciones al mundo de la m\u00fasica en directo.<\/p>\n<p>En sus once a\u00f1os de vida, el premio ha galardonado iniciativas como la plataforma juvenil \u00a1Queremos entrar!, los m\u00fasicos Joan Manuel Serrat y Miguel R\u00edos, y el periodista Diego A. Manrique.<\/p>\n<p>Este a\u00f1o, la primera galardonada ha sido\u00a0<a href=\"https:\/\/musicaenvena.org\/\">M\u00fasica en Vena<\/a>, una asociaci\u00f3n sin \u00e1nimo de lucro dedicada desde 2012 a\u00a0transformar en alivio el sufrimiento de las personas en los hospitales a trav\u00e9s de la m\u00fasica en directo.<\/p>\n<p>\u00abEs una iniciativa magn\u00edfica que recomiendo a muchos de vosotros y a artistas j\u00f3venes\u00bb, declar\u00f3\u00a0Julio Mart\u00ed, director de\u00a0<a href=\"https:\/\/www.seriousfanmusic.com\/\">Serious Fan Music<\/a>.<\/p>\n<p>El segundo premiado ha sido\u00a0<a href=\"https:\/\/www.musicosporlasalud.org\/\">M\u00fasicos por la Salud<\/a>, un proyecto de la\u00a0Fundaci\u00f3n Social District\u00a0cuyo objetivo desde 2015 es acompa\u00f1ar y apoyar a las personas en el momento que m\u00e1s lo necesitan,\u00a0asociando el impacto positivo de la m\u00fasica con la salud.<\/p>\n<p>\u00abEfectivamente la m\u00fasica, junto con los sanitarios, han sido claves\u00bb, a\u00f1adi\u00f3 Mart\u00ed.<\/p>\n<h5>PRESENTACI\u00d3N DE APM PRO<\/h5>\n<p>Carol Rodr\u00edguez, de\u00a0<a href=\"https:\/\/produccionesbaltimore.es\/\">Producciones Baltimore<\/a>, ha presentado durante esta jornada APM PRO, una iniciativa que nace tras dos a\u00f1os de pandemia como una autocr\u00edtica poderosa sobre \u00abhasta donde llegamos, cu\u00e1nto conocimiento tenemos y cu\u00e1nto nos falta\u00bb.<\/p>\n<p>Organizado por\u00a0<a href=\"https:\/\/sympathyforthelawyer.com\/\">Sympathy For The Lawyer<\/a>\u00a0para APM,\u00a0APM PRO\u00a0tiene como base dos pilares fundamentales: la formaci\u00f3n y la divulgaci\u00f3n, con el objetivo de proporcionar un\u00a0espacio de asesor\u00eda completa para sus socios.<\/p>\n<p>Se desarrollar\u00e1n\u00a0dos asesor\u00edas al mes, en total doce asesor\u00edas exclusivas durante 2022. La primera se realizar\u00e1 la\u00a0segunda semana de cada mes\u00a0y ser\u00e1 formativa, dedicada a la labor del promotor. La segunda, en la\u00a0cuarta semana de cada mes, tendr\u00e1 contenido divulgativo de la actualidad.<\/p>\n<p>La propuesta de temas ser\u00e1 revisada por los socios y se habilitar\u00e1 un buz\u00f3n donde hacer llegar las sugerencias de tem\u00e1ticas, pudiendo desarrollar as\u00ed\u00a0contenidos que aporten valor a su actividad profesional diaria.<\/p>\n<p>En cuanto a formatos, estas asesor\u00edas se desarrollar\u00e1n en formato\u00a0v\u00eddeos-asesor\u00eda\u00a0de corta duraci\u00f3n y con car\u00e1cter pr\u00e1ctica; en\u00a0webinar\u00a0en directo que despu\u00e9s podr\u00e1 visionarse en diferido; y en un\u00a0bolet\u00edn informativo\u00a0que se distribuir\u00e1 una vez al mes.<\/p>\n<figure class=\"wp-block-image size-large\"><img decoding=\"async\" class=\"wp-image-1138399\" src=\"https:\/\/www.apmusicales.com\/wp-content\/uploads\/IMG_7668-1024x683.jpg\" sizes=\"(max-width: 1024px) 100vw, 1024px\" srcset=\"https:\/\/www.apmusicales.com\/wp-content\/uploads\/IMG_7668-1024x683.jpg 1024w, https:\/\/www.apmusicales.com\/wp-content\/uploads\/IMG_7668-300x200.jpg 300w, https:\/\/www.apmusicales.com\/wp-content\/uploads\/IMG_7668-768x512.jpg 768w, https:\/\/www.apmusicales.com\/wp-content\/uploads\/IMG_7668-600x400.jpg 600w, https:\/\/www.apmusicales.com\/wp-content\/uploads\/IMG_7668-1536x1024.jpg 1536w, https:\/\/www.apmusicales.com\/wp-content\/uploads\/IMG_7668-2048x1365.jpg 2048w, https:\/\/www.apmusicales.com\/wp-content\/uploads\/IMG_7668-360x240.jpg 360w, https:\/\/www.apmusicales.com\/wp-content\/uploads\/IMG_7668-480x320.jpg 480w, https:\/\/www.apmusicales.com\/wp-content\/uploads\/IMG_7668-720x480.jpg 720w, https:\/\/www.apmusicales.com\/wp-content\/uploads\/IMG_7668-1200x800.jpg 1200w, https:\/\/www.apmusicales.com\/wp-content\/uploads\/IMG_7668-750x500.jpg 750w, https:\/\/www.apmusicales.com\/wp-content\/uploads\/IMG_7668-500x333.jpg 500w\" alt=\"\" width=\"1024\" height=\"683\" \/><\/figure>\n<h5>ANUARIO DE LA M\u00daSICA EN VIVO 2022<\/h5>\n<p>Albert Salmer\u00f3n, presidente de APM, ha presentado tambi\u00e9n el Anuario de la M\u00fasica en Vivo 2022, una publicaci\u00f3n de referencia que cada a\u00f1o\u00a0recoge los datos de facturaci\u00f3n de la m\u00fasica en vivo y el ranking de giras y festivales del a\u00f1o anterior,\u00a0adem\u00e1s de grandes reportajes sobre el sector.<\/p>\n<p>Este a\u00f1o, en la rueda de prensa celebrada el pasado 19 de abril en\u00a0IFEMA, se presentaron todos los datos del 2021. Tras ello, la repercusi\u00f3n del Anuario\u00a0ha alcanzado a m\u00e1s de 100 medios de comunicaci\u00f3n nacionales e internacionales.<\/p>\n<p>En a\u00f1adido, el Anuario cuenta con\u00a0una distribuci\u00f3n de 3.000 ejemplares\u00a0que se env\u00edan a empresas, promotoras, managers, salas de conciertos, medios de comunicaci\u00f3n, sedes de empresas comerciales y agentes del sector.<\/p>\n<h5>ENTREGA DEL PREMIO APM<\/h5>\n<p>El Premio APM, que\u00a0reconoce a aquellos\u00a0asociados que cumplen 25 a\u00f1os como promotores de conciertos, se ha entregado este a\u00f1o a\u00a0Lorenzo P\u00e9rez, CEO de\u00a0<a href=\"https:\/\/mundosenti2.com\/\">Mundosenti2<\/a>.<\/p>\n<p>\u00abSer promotor es una cosa que no se ve\u00bb, ha declarado\u00a0Lorenzo L\u00f3pez, a\u00f1adiendo que, no obstante, le llena \u00abestar aqu\u00ed y seguir trabajando, produciendo y comentando la m\u00fasica en directo que es lo que nos da mucha vida y mucha pasi\u00f3n\u00bb.<\/p>\n<figure class=\"wp-block-image size-large\"><img decoding=\"async\" class=\"wp-image-1138392\" src=\"https:\/\/www.apmusicales.com\/wp-content\/uploads\/IMG_7686-1024x683.jpg\" sizes=\"(max-width: 1024px) 100vw, 1024px\" srcset=\"https:\/\/www.apmusicales.com\/wp-content\/uploads\/IMG_7686-1024x683.jpg 1024w, https:\/\/www.apmusicales.com\/wp-content\/uploads\/IMG_7686-300x200.jpg 300w, https:\/\/www.apmusicales.com\/wp-content\/uploads\/IMG_7686-768x512.jpg 768w, https:\/\/www.apmusicales.com\/wp-content\/uploads\/IMG_7686-600x400.jpg 600w, https:\/\/www.apmusicales.com\/wp-content\/uploads\/IMG_7686-1536x1024.jpg 1536w, https:\/\/www.apmusicales.com\/wp-content\/uploads\/IMG_7686-2048x1365.jpg 2048w, https:\/\/www.apmusicales.com\/wp-content\/uploads\/IMG_7686-360x240.jpg 360w, https:\/\/www.apmusicales.com\/wp-content\/uploads\/IMG_7686-480x320.jpg 480w, https:\/\/www.apmusicales.com\/wp-content\/uploads\/IMG_7686-720x480.jpg 720w, https:\/\/www.apmusicales.com\/wp-content\/uploads\/IMG_7686-1200x800.jpg 1200w, https:\/\/www.apmusicales.com\/wp-content\/uploads\/IMG_7686-750x500.jpg 750w, https:\/\/www.apmusicales.com\/wp-content\/uploads\/IMG_7686-500x333.jpg 500w\" alt=\"\" width=\"1024\" height=\"683\" \/><\/figure>\n<h5>SEGUNDA JORNADA<\/h5>\n<p>La Asociaci\u00f3n de Promotores Musicales ha llevado a cabo la segunda y \u00faltima jornada de su XXII Asamblea General este\u00a0<strong>mi\u00e9rcoles 18 de mayo<\/strong>.<\/p>\n<p>Profesionales, pol\u00edticos y patrocinadores han dado diferentes charlas sobre la actualidad de la m\u00fasica en vivo y sobre su futuro.<\/p>\n<h5>FUN &amp; MONEY<\/h5>\n<p><strong>Juli\u00e1n Galindo,\u00a0<\/strong>fundador de\u00a0<strong>Fun &amp; Money<\/strong>\u00a0(Carrillo Asesores) ha sido el responsable de abrir la jornada con una charla sobre el nuevo sistema de anticipos que acompa\u00f1a al promotor desde la primera inversi\u00f3n de su evento.<\/p>\n<p>\u201cLa idea es transmitir a las personas que invertir en m\u00fasica y cultura es una inversi\u00f3n segura\u201d, ha declarado Galindo.<\/p>\n<figure class=\"wp-block-image size-large\"><img loading=\"lazy\" decoding=\"async\" class=\"wp-image-1138481\" src=\"https:\/\/www.apmusicales.com\/wp-content\/uploads\/WhatsApp-Image-2022-05-18-at-10.51.35-AM-1024x487.jpeg\" sizes=\"(max-width: 1024px) 100vw, 1024px\" srcset=\"https:\/\/www.apmusicales.com\/wp-content\/uploads\/WhatsApp-Image-2022-05-18-at-10.51.35-AM-1024x487.jpeg 1024w, https:\/\/www.apmusicales.com\/wp-content\/uploads\/WhatsApp-Image-2022-05-18-at-10.51.35-AM-300x143.jpeg 300w, https:\/\/www.apmusicales.com\/wp-content\/uploads\/WhatsApp-Image-2022-05-18-at-10.51.35-AM-768x365.jpeg 768w, https:\/\/www.apmusicales.com\/wp-content\/uploads\/WhatsApp-Image-2022-05-18-at-10.51.35-AM-600x285.jpeg 600w, https:\/\/www.apmusicales.com\/wp-content\/uploads\/WhatsApp-Image-2022-05-18-at-10.51.35-AM-1536x730.jpeg 1536w, https:\/\/www.apmusicales.com\/wp-content\/uploads\/WhatsApp-Image-2022-05-18-at-10.51.35-AM-750x356.jpeg 750w, https:\/\/www.apmusicales.com\/wp-content\/uploads\/WhatsApp-Image-2022-05-18-at-10.51.35-AM-1200x570.jpeg 1200w, https:\/\/www.apmusicales.com\/wp-content\/uploads\/WhatsApp-Image-2022-05-18-at-10.51.35-AM-500x238.jpeg 500w, https:\/\/www.apmusicales.com\/wp-content\/uploads\/WhatsApp-Image-2022-05-18-at-10.51.35-AM.jpeg 2047w\" alt=\"\" width=\"1024\" height=\"487\" \/><\/figure>\n<h5>FESTIVALES DE LA REGI\u00d3N DE MURCIA. M\u00c1S M\u00daSICA<\/h5>\n<p>La jornada ha continuado con la ponencia de\u00a0<strong>Manuel Cebri\u00e1n<\/strong>, director del Instituto de las Industrias Culturales y las Artes (<strong>ICE<\/strong>), que ha tratado sobre la marca \u2018<strong>Festivales Regi\u00f3n de Murcia, M\u00e1s M\u00fasica<\/strong>\u2018.<\/p>\n<p>Un distintivo creado a comienzos de este a\u00f1o por el Gobierno de la Regi\u00f3n de Murcia para dinamizar el sector y crear un recurso cultural y tur\u00edstico capaz de ofrecer una experiencia \u00fanica y de calidad al visitante durante todas las \u00e9pocas del a\u00f1o.<\/p>\n<p>\u00abEl p\u00fablico est\u00e1 buscando un lugar donde no solamente pueda escuchar buena m\u00fasica, sino que tambi\u00e9n pueda vivir grandes experiencias emocionales\u00bb.<\/p>\n<h5>ES_M\u00daSICA &amp; SYMPATHY FOR THE LAWYER<\/h5>\n<p>A continuaci\u00f3n,\u00a0<strong>Manuel \u00c1ngel L\u00f3pez<\/strong>, CEO de\u00a0<strong>Sympathy For The Lawyer<\/strong>\u00a0y\u00a0<strong>Lidia G\u00e1mez,\u00a0<\/strong>socia de Sympathy For The Lawyer &amp; Managing Partner de la secretar\u00eda t\u00e9cnica de<strong>\u00a0Es_M\u00fasica,<\/strong>\u00a0han presentado\u00a0<strong>APM PRO<\/strong>, una nueva propuesta desarrollada por la firma legal que propone realizar un calendario de contenidos formativos y divulgativos, con el objetivo de proporcionar una asesor\u00eda completa a sus socios.<\/p>\n<p>\u00abLa reforma laboral es una cuesti\u00f3n que ha tenido un impacto tremendo en la actividad de la m\u00fasica en vivo\u00bb, ha explicado<strong>\u00a0L\u00f3pez<\/strong>.<\/p>\n<p>As\u00ed, han iniciado la primera asesor\u00eda a los asistentes tratando el impacto de la reforma laboral en la m\u00fasica en vivo en el nuevo r\u00e9gimen con artistas y t\u00e9cnicos.<\/p>\n<p>Seguidamente, los mismos ponentes han llevado a cabo un chequeo jur\u00eddico para ofrecer herramientas y resolver dudas sobre los asuntos legales de los socios.<\/p>\n<figure class=\"wp-block-image size-large\"><img loading=\"lazy\" decoding=\"async\" class=\"wp-image-1138480\" src=\"https:\/\/www.apmusicales.com\/wp-content\/uploads\/WhatsApp-Image-2022-05-18-at-11.42.19-AM-1024x574.jpeg\" sizes=\"(max-width: 1024px) 100vw, 1024px\" srcset=\"https:\/\/www.apmusicales.com\/wp-content\/uploads\/WhatsApp-Image-2022-05-18-at-11.42.19-AM-1024x574.jpeg 1024w, https:\/\/www.apmusicales.com\/wp-content\/uploads\/WhatsApp-Image-2022-05-18-at-11.42.19-AM-300x168.jpeg 300w, https:\/\/www.apmusicales.com\/wp-content\/uploads\/WhatsApp-Image-2022-05-18-at-11.42.19-AM-768x431.jpeg 768w, https:\/\/www.apmusicales.com\/wp-content\/uploads\/WhatsApp-Image-2022-05-18-at-11.42.19-AM-600x336.jpeg 600w, https:\/\/www.apmusicales.com\/wp-content\/uploads\/WhatsApp-Image-2022-05-18-at-11.42.19-AM-1536x861.jpeg 1536w, https:\/\/www.apmusicales.com\/wp-content\/uploads\/WhatsApp-Image-2022-05-18-at-11.42.19-AM-750x420.jpeg 750w, https:\/\/www.apmusicales.com\/wp-content\/uploads\/WhatsApp-Image-2022-05-18-at-11.42.19-AM-1200x673.jpeg 1200w, https:\/\/www.apmusicales.com\/wp-content\/uploads\/WhatsApp-Image-2022-05-18-at-11.42.19-AM-500x280.jpeg 500w, https:\/\/www.apmusicales.com\/wp-content\/uploads\/WhatsApp-Image-2022-05-18-at-11.42.19-AM.jpeg 2048w\" alt=\"\" width=\"1024\" height=\"574\" \/><\/figure>\n<h5>ARAYTOR<\/h5>\n<p>Las charlas se han retomado a las 16:00h con la ponencia de\u00a0<strong>Dion\u00eds Aymar<\/strong>, CEO de\u00a0<strong>Araytor<\/strong>, sobre la situaci\u00f3n actual en el mercado de los seguros.<\/p>\n<p>\u00abQuiero poner encima de la mesa dos cosas: por una parte, el hecho de armonizar a la administraci\u00f3n,\u00a0<em>venues<\/em>\u00a0y otros integrantes en lo que nos exigen de protecci\u00f3n civil y, por la otra, respecto al seguro de cancelaci\u00f3n, ser conscientes de la situaci\u00f3n actual cambiante\u00bb.<\/p>\n<h5>PRODUCCIONES BALTIMORE &amp; BRUNCH-IN<\/h5>\n<p><strong>Carol Rodr\u00edguez<\/strong>, directora de Producciones Baltimore, y\u00a0<strong>Andrea Lamount<\/strong>, directora de RSC &amp; Relaciones Institucionales de\u00a0<strong>Brunch-In<\/strong>, han realizado un panel sobre innovaci\u00f3n social y medioambiental para festivales.<\/p>\n<figure class=\"wp-block-image size-large\"><img loading=\"lazy\" decoding=\"async\" class=\"wp-image-1138479\" src=\"https:\/\/www.apmusicales.com\/wp-content\/uploads\/WhatsApp-Image-2022-05-18-at-4.48.26-PM-1024x661.jpeg\" sizes=\"(max-width: 1024px) 100vw, 1024px\" srcset=\"https:\/\/www.apmusicales.com\/wp-content\/uploads\/WhatsApp-Image-2022-05-18-at-4.48.26-PM-1024x661.jpeg 1024w, https:\/\/www.apmusicales.com\/wp-content\/uploads\/WhatsApp-Image-2022-05-18-at-4.48.26-PM-300x194.jpeg 300w, https:\/\/www.apmusicales.com\/wp-content\/uploads\/WhatsApp-Image-2022-05-18-at-4.48.26-PM-768x496.jpeg 768w, https:\/\/www.apmusicales.com\/wp-content\/uploads\/WhatsApp-Image-2022-05-18-at-4.48.26-PM-600x387.jpeg 600w, https:\/\/www.apmusicales.com\/wp-content\/uploads\/WhatsApp-Image-2022-05-18-at-4.48.26-PM-1536x991.jpeg 1536w, https:\/\/www.apmusicales.com\/wp-content\/uploads\/WhatsApp-Image-2022-05-18-at-4.48.26-PM-750x484.jpeg 750w, https:\/\/www.apmusicales.com\/wp-content\/uploads\/WhatsApp-Image-2022-05-18-at-4.48.26-PM-1200x774.jpeg 1200w, https:\/\/www.apmusicales.com\/wp-content\/uploads\/WhatsApp-Image-2022-05-18-at-4.48.26-PM-500x323.jpeg 500w, https:\/\/www.apmusicales.com\/wp-content\/uploads\/WhatsApp-Image-2022-05-18-at-4.48.26-PM.jpeg 2047w\" alt=\"\" width=\"1024\" height=\"661\" \/><\/figure>\n<h5>PANEL DE DEBATE ABIERTO<\/h5>\n<p>Para finalizar la jornada, a las 17.15h se ha realizado un debate abierto donde todos los promotores y promotoras han podido dar su opini\u00f3n sobre los temas tratados durante la tarde.<\/p>\n<p>Fuente: <a href=\"https:\/\/www.apmusicales.com\/primera-jornada-de-la-xxii-asamblea-general-de-apm\/\">APM<\/a><\/p>\n","protected":false},"excerpt":{"rendered":"<p>La Asociaci\u00f3n de Promotores Musicales ha llevado a cabo la primera jornada de su XXII Asamblea General durante toda la [&hellip;]<\/p>\n","protected":false},"author":2,"featured_media":11078,"comment_status":"open","ping_status":"open","sticky":false,"template":"","format":"standard","meta":{"footnotes":""},"categories":[31],"tags":[1391],"class_list":["post-11077","post","type-post","status-publish","format-standard","has-post-thumbnail","hentry","category-noticia","tag-apm"],"yoast_head":"<!-- This site is optimized with the Yoast SEO plugin v20.6 - https:\/\/yoast.com\/wordpress\/plugins\/seo\/ -->\n<title>XXII Asamblea General de APM - Araytor Corredur\u00eda de Seguros<\/title>\n<meta name=\"robots\" content=\"index, follow, max-snippet:-1, max-image-preview:large, max-video-preview:-1\" \/>\n<link rel=\"canonical\" href=\"https:\/\/araytor.com\/arranca-la-xxii-asamblea-general-de-apm\/\" \/>\n<meta property=\"og:locale\" content=\"en_US\" \/>\n<meta property=\"og:type\" content=\"article\" \/>\n<meta property=\"og:title\" content=\"XXII Asamblea General de APM - Araytor Corredur\u00eda de Seguros\" \/>\n<meta property=\"og:description\" content=\"La Asociaci\u00f3n de Promotores Musicales ha llevado a cabo la primera jornada de su XXII Asamblea General durante toda la [&hellip;]\" \/>\n<meta property=\"og:url\" content=\"https:\/\/araytor.com\/arranca-la-xxii-asamblea-general-de-apm\/\" \/>\n<meta property=\"og:site_name\" content=\"Araytor Corredur\u00eda de Seguros\" \/>\n<meta property=\"article:published_time\" content=\"2022-05-18T07:35:26+00:00\" \/>\n<meta property=\"article:modified_time\" content=\"2022-05-20T08:06:12+00:00\" \/>\n<meta property=\"og:image\" content=\"https:\/\/araytor.com\/wp-content\/uploads\/2022\/05\/APM-2022-araytor.jpg\" \/>\n\t<meta property=\"og:image:width\" content=\"600\" \/>\n\t<meta property=\"og:image:height\" content=\"401\" \/>\n\t<meta property=\"og:image:type\" content=\"image\/jpeg\" \/>\n<meta name=\"author\" content=\"Araytor Events\" \/>\n<meta name=\"twitter:card\" content=\"summary_large_image\" \/>\n<meta name=\"twitter:label1\" content=\"Written by\" \/>\n\t<meta name=\"twitter:data1\" content=\"Araytor Events\" \/>\n\t<meta name=\"twitter:label2\" content=\"Est. reading time\" \/>\n\t<meta name=\"twitter:data2\" content=\"9 minutes\" \/>\n<script type=\"application\/ld+json\" class=\"yoast-schema-graph\">{\"@context\":\"https:\/\/schema.org\",\"@graph\":[{\"@type\":\"WebPage\",\"@id\":\"https:\/\/araytor.com\/arranca-la-xxii-asamblea-general-de-apm\/\",\"url\":\"https:\/\/araytor.com\/arranca-la-xxii-asamblea-general-de-apm\/\",\"name\":\"XXII Asamblea General de APM - Araytor Corredur\u00eda de Seguros\",\"isPartOf\":{\"@id\":\"https:\/\/araytor.com\/#website\"},\"datePublished\":\"2022-05-18T07:35:26+00:00\",\"dateModified\":\"2022-05-20T08:06:12+00:00\",\"author\":{\"@id\":\"https:\/\/araytor.com\/#\/schema\/person\/ebc25c23dcae9c95b6fe86784d01a4cd\"},\"breadcrumb\":{\"@id\":\"https:\/\/araytor.com\/arranca-la-xxii-asamblea-general-de-apm\/#breadcrumb\"},\"inLanguage\":\"en-US\",\"potentialAction\":[{\"@type\":\"ReadAction\",\"target\":[\"https:\/\/araytor.com\/arranca-la-xxii-asamblea-general-de-apm\/\"]}]},{\"@type\":\"BreadcrumbList\",\"@id\":\"https:\/\/araytor.com\/arranca-la-xxii-asamblea-general-de-apm\/#breadcrumb\",\"itemListElement\":[{\"@type\":\"ListItem\",\"position\":1,\"name\":\"Portada\",\"item\":\"https:\/\/araytor.com\/\"},{\"@type\":\"ListItem\",\"position\":2,\"name\":\"XXII Asamblea General de APM\"}]},{\"@type\":\"WebSite\",\"@id\":\"https:\/\/araytor.com\/#website\",\"url\":\"https:\/\/araytor.com\/\",\"name\":\"Araytor Corredur\u00eda de Seguros\",\"description\":\"Seguro de espect\u00e1culos\",\"potentialAction\":[{\"@type\":\"SearchAction\",\"target\":{\"@type\":\"EntryPoint\",\"urlTemplate\":\"https:\/\/araytor.com\/?s={search_term_string}\"},\"query-input\":\"required name=search_term_string\"}],\"inLanguage\":\"en-US\"},{\"@type\":\"Person\",\"@id\":\"https:\/\/araytor.com\/#\/schema\/person\/ebc25c23dcae9c95b6fe86784d01a4cd\",\"name\":\"Araytor Events\",\"image\":{\"@type\":\"ImageObject\",\"inLanguage\":\"en-US\",\"@id\":\"https:\/\/araytor.com\/#\/schema\/person\/image\/\",\"url\":\"https:\/\/secure.gravatar.com\/avatar\/2560b2b7fa2447c6d32b02fa24f651d42f2ffbdad2164b39e8e7b446af001997?s=96&d=mm&r=g\",\"contentUrl\":\"https:\/\/secure.gravatar.com\/avatar\/2560b2b7fa2447c6d32b02fa24f651d42f2ffbdad2164b39e8e7b446af001997?s=96&d=mm&r=g\",\"caption\":\"Araytor Events\"},\"url\":\"https:\/\/araytor.com\/en\/author\/carlos\/\"}]}<\/script>\n<!-- \/ Yoast SEO plugin. -->","yoast_head_json":{"title":"XXII Asamblea General de APM - Araytor Corredur\u00eda de Seguros","robots":{"index":"index","follow":"follow","max-snippet":"max-snippet:-1","max-image-preview":"max-image-preview:large","max-video-preview":"max-video-preview:-1"},"canonical":"https:\/\/araytor.com\/arranca-la-xxii-asamblea-general-de-apm\/","og_locale":"en_US","og_type":"article","og_title":"XXII Asamblea General de APM - Araytor Corredur\u00eda de Seguros","og_description":"La Asociaci\u00f3n de Promotores Musicales ha llevado a cabo la primera jornada de su XXII Asamblea General durante toda la [&hellip;]","og_url":"https:\/\/araytor.com\/arranca-la-xxii-asamblea-general-de-apm\/","og_site_name":"Araytor Corredur\u00eda de Seguros","article_published_time":"2022-05-18T07:35:26+00:00","article_modified_time":"2022-05-20T08:06:12+00:00","og_image":[{"width":600,"height":401,"url":"https:\/\/araytor.com\/wp-content\/uploads\/2022\/05\/APM-2022-araytor.jpg","type":"image\/jpeg"}],"author":"Araytor Events","twitter_card":"summary_large_image","twitter_misc":{"Written by":"Araytor Events","Est. reading time":"9 minutes"},"schema":{"@context":"https:\/\/schema.org","@graph":[{"@type":"WebPage","@id":"https:\/\/araytor.com\/arranca-la-xxii-asamblea-general-de-apm\/","url":"https:\/\/araytor.com\/arranca-la-xxii-asamblea-general-de-apm\/","name":"XXII Asamblea General de APM - Araytor Corredur\u00eda de Seguros","isPartOf":{"@id":"https:\/\/araytor.com\/#website"},"datePublished":"2022-05-18T07:35:26+00:00","dateModified":"2022-05-20T08:06:12+00:00","author":{"@id":"https:\/\/araytor.com\/#\/schema\/person\/ebc25c23dcae9c95b6fe86784d01a4cd"},"breadcrumb":{"@id":"https:\/\/araytor.com\/arranca-la-xxii-asamblea-general-de-apm\/#breadcrumb"},"inLanguage":"en-US","potentialAction":[{"@type":"ReadAction","target":["https:\/\/araytor.com\/arranca-la-xxii-asamblea-general-de-apm\/"]}]},{"@type":"BreadcrumbList","@id":"https:\/\/araytor.com\/arranca-la-xxii-asamblea-general-de-apm\/#breadcrumb","itemListElement":[{"@type":"ListItem","position":1,"name":"Portada","item":"https:\/\/araytor.com\/"},{"@type":"ListItem","position":2,"name":"XXII Asamblea General de APM"}]},{"@type":"WebSite","@id":"https:\/\/araytor.com\/#website","url":"https:\/\/araytor.com\/","name":"Araytor Corredur\u00eda de Seguros","description":"Seguro de espect\u00e1culos","potentialAction":[{"@type":"SearchAction","target":{"@type":"EntryPoint","urlTemplate":"https:\/\/araytor.com\/?s={search_term_string}"},"query-input":"required name=search_term_string"}],"inLanguage":"en-US"},{"@type":"Person","@id":"https:\/\/araytor.com\/#\/schema\/person\/ebc25c23dcae9c95b6fe86784d01a4cd","name":"Araytor Events","image":{"@type":"ImageObject","inLanguage":"en-US","@id":"https:\/\/araytor.com\/#\/schema\/person\/image\/","url":"https:\/\/secure.gravatar.com\/avatar\/2560b2b7fa2447c6d32b02fa24f651d42f2ffbdad2164b39e8e7b446af001997?s=96&d=mm&r=g","contentUrl":"https:\/\/secure.gravatar.com\/avatar\/2560b2b7fa2447c6d32b02fa24f651d42f2ffbdad2164b39e8e7b446af001997?s=96&d=mm&r=g","caption":"Araytor Events"},"url":"https:\/\/araytor.com\/en\/author\/carlos\/"}]}},"_links":{"self":[{"href":"https:\/\/araytor.com\/en\/wp-json\/wp\/v2\/posts\/11077","targetHints":{"allow":["GET"]}}],"collection":[{"href":"https:\/\/araytor.com\/en\/wp-json\/wp\/v2\/posts"}],"about":[{"href":"https:\/\/araytor.com\/en\/wp-json\/wp\/v2\/types\/post"}],"author":[{"embeddable":true,"href":"https:\/\/araytor.com\/en\/wp-json\/wp\/v2\/users\/2"}],"replies":[{"embeddable":true,"href":"https:\/\/araytor.com\/en\/wp-json\/wp\/v2\/comments?post=11077"}],"version-history":[{"count":5,"href":"https:\/\/araytor.com\/en\/wp-json\/wp\/v2\/posts\/11077\/revisions"}],"predecessor-version":[{"id":11089,"href":"https:\/\/araytor.com\/en\/wp-json\/wp\/v2\/posts\/11077\/revisions\/11089"}],"wp:featuredmedia":[{"embeddable":true,"href":"https:\/\/araytor.com\/en\/wp-json\/wp\/v2\/media\/11078"}],"wp:attachment":[{"href":"https:\/\/araytor.com\/en\/wp-json\/wp\/v2\/media?parent=11077"}],"wp:term":[{"taxonomy":"category","embeddable":true,"href":"https:\/\/araytor.com\/en\/wp-json\/wp\/v2\/categories?post=11077"},{"taxonomy":"post_tag","embeddable":true,"href":"https:\/\/araytor.com\/en\/wp-json\/wp\/v2\/tags?post=11077"}],"curies":[{"name":"wp","href":"https:\/\/api.w.org\/{rel}","templated":true}]}}