{"id":11322,"date":"2022-06-21T09:12:31","date_gmt":"2022-06-21T07:12:31","guid":{"rendered":"https:\/\/araytor.com\/?p=11322"},"modified":"2022-06-21T09:12:31","modified_gmt":"2022-06-21T07:12:31","slug":"jason-derulo-en-marbella-22-06-22","status":"publish","type":"post","link":"https:\/\/araytor.com\/en\/jason-derulo-en-marbella-22-06-22\/","title":{"rendered":"Jason Derulo en Marbella 22\/06\/22"},"content":{"rendered":"<p>Jason Derulo\u00a0es una de las mejores voces de la \u00faltima d\u00e9cada y\u00a0artista referente del\u00a0pop\u00a0y g\u00e9nero urbano del mundo entero. El estadounidense, que ha alcanzado\u00a011 singles de Platino,\u00a0volver\u00e1 al Auditorio de\u00a0Starlite Catalana Occidente\u00a0el pr\u00f3ximo\u00a022 de JUNIO de 2022.<\/p>\n<p>Despu\u00e9s de sus aclamadas\u00a0actuaciones de 2017 y 2019\u00a0en las que dej\u00f3 sin palabras al\u00a0p\u00fablico de Starlite Catalana Occidente, el cantante, bailar\u00edn y compositor vuelve con el firme prop\u00f3sito de ofrecer de nuevo un impecable espect\u00e1culo.<\/p>\n<p>Los datos son contundentes y hablan por s\u00ed solos. \u00c9xitos como\u00a0\u2018Want To Want Me\u2019,\u00a0\u2018Whatcha Say\u2019,\u00a0\u2018In My Head\u2019,\u00a0\u2018Ridin\u2019\u00a0Solo\u2019\u00a0o\u00a0\u2018Don\u2019t Wanna Go Home\u2019\u00a0hacen del cantante una de las mejores estrellas de los g\u00e9neros pop y urbano del momento, que combina con maestr\u00eda la coreograf\u00eda, aliciente m\u00e1s en un show perfectamente empastado.<\/p>\n<p>Mas de\u00a0130 millones de singles vendidos en todo el mundo, m\u00e1s de\u00a05 billones de visitas en YouTube\u00a0y m\u00e1s de\u00a04 billones de reproducciones en Spotify\u00a0son las marcas de uno de los iconos internacionales m\u00e1s potentes del panorama actual, cuyo concierto no dejar\u00e1 a nadie indiferente.<\/p>\n<p>Marbella &#8211; Starlite 2022 &#8211; 22 de junio<\/p>\n","protected":false},"excerpt":{"rendered":"<p>Jason Derulo\u00a0es una de las mejores voces de la \u00faltima d\u00e9cada y\u00a0artista referente del\u00a0pop\u00a0y g\u00e9nero urbano del mundo entero. El [&hellip;]<\/p>\n","protected":false},"author":2,"featured_media":11323,"comment_status":"open","ping_status":"open","sticky":false,"template":"","format":"standard","meta":{"footnotes":""},"categories":[32],"tags":[240,1450,1456,1448,1454,1452,1971,1814,1446,1816,1973],"class_list":["post-11322","post","type-post","status-publish","format-standard","has-post-thumbnail","hentry","category-evento","tag-araytor","tag-conciertos","tag-espectaculos","tag-eventos","tag-festivales","tag-giras","tag-jason-derulo","tag-marbella","tag-seguros","tag-starlite","tag-starlite-2022"],"yoast_head":"<!-- This site is optimized with the Yoast SEO plugin v20.6 - https:\/\/yoast.com\/wordpress\/plugins\/seo\/ -->\n<title>Jason Derulo en Marbella 22\/06\/22 - Araytor Corredur\u00eda de Seguros<\/title>\n<meta name=\"robots\" content=\"index, follow, max-snippet:-1, max-image-preview:large, max-video-preview:-1\" \/>\n<link rel=\"canonical\" href=\"https:\/\/araytor.com\/jason-derulo-en-marbella-22-06-22\/\" \/>\n<meta property=\"og:locale\" content=\"en_US\" \/>\n<meta property=\"og:type\" content=\"article\" \/>\n<meta property=\"og:title\" content=\"Jason Derulo en Marbella 22\/06\/22 - Araytor Corredur\u00eda de Seguros\" \/>\n<meta property=\"og:description\" content=\"Jason Derulo\u00a0es una de las mejores voces de la \u00faltima d\u00e9cada y\u00a0artista referente del\u00a0pop\u00a0y g\u00e9nero urbano del mundo entero. El [&hellip;]\" \/>\n<meta property=\"og:url\" content=\"https:\/\/araytor.com\/jason-derulo-en-marbella-22-06-22\/\" \/>\n<meta property=\"og:site_name\" content=\"Araytor Corredur\u00eda de Seguros\" \/>\n<meta property=\"article:published_time\" content=\"2022-06-21T07:12:31+00:00\" \/>\n<meta property=\"og:image\" content=\"https:\/\/araytor.com\/wp-content\/uploads\/2022\/06\/jason-derulo-araytor.jpg\" \/>\n\t<meta property=\"og:image:width\" content=\"819\" \/>\n\t<meta property=\"og:image:height\" content=\"547\" \/>\n\t<meta property=\"og:image:type\" content=\"image\/jpeg\" \/>\n<meta name=\"author\" content=\"Araytor Events\" \/>\n<meta name=\"twitter:card\" content=\"summary_large_image\" \/>\n<meta name=\"twitter:label1\" content=\"Written by\" \/>\n\t<meta name=\"twitter:data1\" content=\"Araytor Events\" \/>\n\t<meta name=\"twitter:label2\" content=\"Est. reading time\" \/>\n\t<meta name=\"twitter:data2\" content=\"1 minute\" \/>\n<script type=\"application\/ld+json\" class=\"yoast-schema-graph\">{\"@context\":\"https:\/\/schema.org\",\"@graph\":[{\"@type\":\"WebPage\",\"@id\":\"https:\/\/araytor.com\/jason-derulo-en-marbella-22-06-22\/\",\"url\":\"https:\/\/araytor.com\/jason-derulo-en-marbella-22-06-22\/\",\"name\":\"Jason Derulo en Marbella 22\/06\/22 - Araytor Corredur\u00eda de Seguros\",\"isPartOf\":{\"@id\":\"https:\/\/araytor.com\/#website\"},\"datePublished\":\"2022-06-21T07:12:31+00:00\",\"dateModified\":\"2022-06-21T07:12:31+00:00\",\"author\":{\"@id\":\"https:\/\/araytor.com\/#\/schema\/person\/ebc25c23dcae9c95b6fe86784d01a4cd\"},\"breadcrumb\":{\"@id\":\"https:\/\/araytor.com\/jason-derulo-en-marbella-22-06-22\/#breadcrumb\"},\"inLanguage\":\"en-US\",\"potentialAction\":[{\"@type\":\"ReadAction\",\"target\":[\"https:\/\/araytor.com\/jason-derulo-en-marbella-22-06-22\/\"]}]},{\"@type\":\"BreadcrumbList\",\"@id\":\"https:\/\/araytor.com\/jason-derulo-en-marbella-22-06-22\/#breadcrumb\",\"itemListElement\":[{\"@type\":\"ListItem\",\"position\":1,\"name\":\"Portada\",\"item\":\"https:\/\/araytor.com\/\"},{\"@type\":\"ListItem\",\"position\":2,\"name\":\"Jason Derulo en Marbella 22\/06\/22\"}]},{\"@type\":\"WebSite\",\"@id\":\"https:\/\/araytor.com\/#website\",\"url\":\"https:\/\/araytor.com\/\",\"name\":\"Araytor Corredur\u00eda de Seguros\",\"description\":\"Seguro de espect\u00e1culos\",\"potentialAction\":[{\"@type\":\"SearchAction\",\"target\":{\"@type\":\"EntryPoint\",\"urlTemplate\":\"https:\/\/araytor.com\/?s={search_term_string}\"},\"query-input\":\"required name=search_term_string\"}],\"inLanguage\":\"en-US\"},{\"@type\":\"Person\",\"@id\":\"https:\/\/araytor.com\/#\/schema\/person\/ebc25c23dcae9c95b6fe86784d01a4cd\",\"name\":\"Araytor Events\",\"image\":{\"@type\":\"ImageObject\",\"inLanguage\":\"en-US\",\"@id\":\"https:\/\/araytor.com\/#\/schema\/person\/image\/\",\"url\":\"https:\/\/secure.gravatar.com\/avatar\/2560b2b7fa2447c6d32b02fa24f651d42f2ffbdad2164b39e8e7b446af001997?s=96&d=mm&r=g\",\"contentUrl\":\"https:\/\/secure.gravatar.com\/avatar\/2560b2b7fa2447c6d32b02fa24f651d42f2ffbdad2164b39e8e7b446af001997?s=96&d=mm&r=g\",\"caption\":\"Araytor Events\"},\"url\":\"https:\/\/araytor.com\/en\/author\/carlos\/\"}]}<\/script>\n<!-- \/ Yoast SEO plugin. -->","yoast_head_json":{"title":"Jason Derulo en Marbella 22\/06\/22 - Araytor Corredur\u00eda de Seguros","robots":{"index":"index","follow":"follow","max-snippet":"max-snippet:-1","max-image-preview":"max-image-preview:large","max-video-preview":"max-video-preview:-1"},"canonical":"https:\/\/araytor.com\/jason-derulo-en-marbella-22-06-22\/","og_locale":"en_US","og_type":"article","og_title":"Jason Derulo en Marbella 22\/06\/22 - Araytor Corredur\u00eda de Seguros","og_description":"Jason Derulo\u00a0es una de las mejores voces de la \u00faltima d\u00e9cada y\u00a0artista referente del\u00a0pop\u00a0y g\u00e9nero urbano del mundo entero. El [&hellip;]","og_url":"https:\/\/araytor.com\/jason-derulo-en-marbella-22-06-22\/","og_site_name":"Araytor Corredur\u00eda de Seguros","article_published_time":"2022-06-21T07:12:31+00:00","og_image":[{"width":819,"height":547,"url":"https:\/\/araytor.com\/wp-content\/uploads\/2022\/06\/jason-derulo-araytor.jpg","type":"image\/jpeg"}],"author":"Araytor Events","twitter_card":"summary_large_image","twitter_misc":{"Written by":"Araytor Events","Est. reading time":"1 minute"},"schema":{"@context":"https:\/\/schema.org","@graph":[{"@type":"WebPage","@id":"https:\/\/araytor.com\/jason-derulo-en-marbella-22-06-22\/","url":"https:\/\/araytor.com\/jason-derulo-en-marbella-22-06-22\/","name":"Jason Derulo en Marbella 22\/06\/22 - Araytor Corredur\u00eda de Seguros","isPartOf":{"@id":"https:\/\/araytor.com\/#website"},"datePublished":"2022-06-21T07:12:31+00:00","dateModified":"2022-06-21T07:12:31+00:00","author":{"@id":"https:\/\/araytor.com\/#\/schema\/person\/ebc25c23dcae9c95b6fe86784d01a4cd"},"breadcrumb":{"@id":"https:\/\/araytor.com\/jason-derulo-en-marbella-22-06-22\/#breadcrumb"},"inLanguage":"en-US","potentialAction":[{"@type":"ReadAction","target":["https:\/\/araytor.com\/jason-derulo-en-marbella-22-06-22\/"]}]},{"@type":"BreadcrumbList","@id":"https:\/\/araytor.com\/jason-derulo-en-marbella-22-06-22\/#breadcrumb","itemListElement":[{"@type":"ListItem","position":1,"name":"Portada","item":"https:\/\/araytor.com\/"},{"@type":"ListItem","position":2,"name":"Jason Derulo en Marbella 22\/06\/22"}]},{"@type":"WebSite","@id":"https:\/\/araytor.com\/#website","url":"https:\/\/araytor.com\/","name":"Araytor Corredur\u00eda de Seguros","description":"Seguro de espect\u00e1culos","potentialAction":[{"@type":"SearchAction","target":{"@type":"EntryPoint","urlTemplate":"https:\/\/araytor.com\/?s={search_term_string}"},"query-input":"required name=search_term_string"}],"inLanguage":"en-US"},{"@type":"Person","@id":"https:\/\/araytor.com\/#\/schema\/person\/ebc25c23dcae9c95b6fe86784d01a4cd","name":"Araytor Events","image":{"@type":"ImageObject","inLanguage":"en-US","@id":"https:\/\/araytor.com\/#\/schema\/person\/image\/","url":"https:\/\/secure.gravatar.com\/avatar\/2560b2b7fa2447c6d32b02fa24f651d42f2ffbdad2164b39e8e7b446af001997?s=96&d=mm&r=g","contentUrl":"https:\/\/secure.gravatar.com\/avatar\/2560b2b7fa2447c6d32b02fa24f651d42f2ffbdad2164b39e8e7b446af001997?s=96&d=mm&r=g","caption":"Araytor Events"},"url":"https:\/\/araytor.com\/en\/author\/carlos\/"}]}},"_links":{"self":[{"href":"https:\/\/araytor.com\/en\/wp-json\/wp\/v2\/posts\/11322","targetHints":{"allow":["GET"]}}],"collection":[{"href":"https:\/\/araytor.com\/en\/wp-json\/wp\/v2\/posts"}],"about":[{"href":"https:\/\/araytor.com\/en\/wp-json\/wp\/v2\/types\/post"}],"author":[{"embeddable":true,"href":"https:\/\/araytor.com\/en\/wp-json\/wp\/v2\/users\/2"}],"replies":[{"embeddable":true,"href":"https:\/\/araytor.com\/en\/wp-json\/wp\/v2\/comments?post=11322"}],"version-history":[{"count":1,"href":"https:\/\/araytor.com\/en\/wp-json\/wp\/v2\/posts\/11322\/revisions"}],"predecessor-version":[{"id":11324,"href":"https:\/\/araytor.com\/en\/wp-json\/wp\/v2\/posts\/11322\/revisions\/11324"}],"wp:featuredmedia":[{"embeddable":true,"href":"https:\/\/araytor.com\/en\/wp-json\/wp\/v2\/media\/11323"}],"wp:attachment":[{"href":"https:\/\/araytor.com\/en\/wp-json\/wp\/v2\/media?parent=11322"}],"wp:term":[{"taxonomy":"category","embeddable":true,"href":"https:\/\/araytor.com\/en\/wp-json\/wp\/v2\/categories?post=11322"},{"taxonomy":"post_tag","embeddable":true,"href":"https:\/\/araytor.com\/en\/wp-json\/wp\/v2\/tags?post=11322"}],"curies":[{"name":"wp","href":"https:\/\/api.w.org\/{rel}","templated":true}]}}