{"id":8643,"date":"2022-09-27T12:10:56","date_gmt":"2022-09-27T10:10:56","guid":{"rendered":"https:\/\/araytor.com\/?p=8643"},"modified":"2022-09-27T12:11:49","modified_gmt":"2022-09-27T10:11:49","slug":"rozalen-en-cordoba-2","status":"publish","type":"post","link":"https:\/\/araytor.com\/en\/rozalen-en-cordoba-2\/","title":{"rendered":"Rozal\u00e9n en Ic\u00f3nica Sevilla Fest 28\/09\/22"},"content":{"rendered":"<p>La cantautora albacete\u00f1a presentar\u00e1 su \u00faltimo disco <em>El \u00e1rbol y el bosque.<\/em><\/p>\n<p>Sevilla &#8211; Ic\u00f3nica Sevilla Fest 2022 &#8211; 28 de septiembre<\/p>\n<p>+Info: <a href=\"https:\/\/www.rozalen.org\/\">https:\/\/www.rozalen.org\/<\/a><\/p>\n","protected":false},"excerpt":{"rendered":"<p>La cantautora albacete\u00f1a presentar\u00e1 su \u00faltimo disco El \u00e1rbol y el bosque. Sevilla &#8211; Ic\u00f3nica Sevilla Fest 2022 &#8211; 28 [&hellip;]<\/p>\n","protected":false},"author":2,"featured_media":12440,"comment_status":"open","ping_status":"open","sticky":false,"template":"","format":"standard","meta":{"footnotes":""},"categories":[32],"tags":[240,4646,4648,1450,4650,5979,1456,1448,1454,1452,4652,5749,5753,5751,5747,4644,4642,3485,2246,1446,2517],"class_list":["post-8643","post","type-post","status-publish","format-standard","has-post-thumbnail","hentry","category-evento","tag-araytor","tag-cancelacion","tag-climatologia","tag-conciertos","tag-contingencias","tag-el-arbol-y-el-bosque","tag-espectaculos","tag-eventos","tag-festivales","tag-giras","tag-incapacidad-profesional","tag-industria-musical","tag-musica","tag-noticias","tag-novedades-musicales","tag-responsabilidad-civil","tag-rodajes","tag-rozalen-es","tag-seguro","tag-seguros","tag-ticketing"],"yoast_head":"<!-- This site is optimized with the Yoast SEO plugin v20.6 - https:\/\/yoast.com\/wordpress\/plugins\/seo\/ -->\n<title>Rozal\u00e9n en Ic\u00f3nica Sevilla Fest 28\/09\/22 - Araytor Corredur\u00eda de Seguros<\/title>\n<meta name=\"robots\" content=\"index, follow, max-snippet:-1, max-image-preview:large, max-video-preview:-1\" \/>\n<link rel=\"canonical\" href=\"https:\/\/araytor.com\/rozalen-en-cordoba-2\/\" \/>\n<meta property=\"og:locale\" content=\"en_US\" \/>\n<meta property=\"og:type\" content=\"article\" \/>\n<meta property=\"og:title\" content=\"Rozal\u00e9n en Ic\u00f3nica Sevilla Fest 28\/09\/22 - Araytor Corredur\u00eda de Seguros\" \/>\n<meta property=\"og:description\" content=\"La cantautora albacete\u00f1a presentar\u00e1 su \u00faltimo disco El \u00e1rbol y el bosque. Sevilla &#8211; Ic\u00f3nica Sevilla Fest 2022 &#8211; 28 [&hellip;]\" \/>\n<meta property=\"og:url\" content=\"https:\/\/araytor.com\/rozalen-en-cordoba-2\/\" \/>\n<meta property=\"og:site_name\" content=\"Araytor Corredur\u00eda de Seguros\" \/>\n<meta property=\"article:published_time\" content=\"2022-09-27T10:10:56+00:00\" \/>\n<meta property=\"article:modified_time\" content=\"2022-09-27T10:11:49+00:00\" \/>\n<meta property=\"og:image\" content=\"https:\/\/araytor.com\/wp-content\/uploads\/2021\/11\/rozalen-2022-araytor.jpg\" \/>\n\t<meta property=\"og:image:width\" content=\"819\" \/>\n\t<meta property=\"og:image:height\" content=\"547\" \/>\n\t<meta property=\"og:image:type\" content=\"image\/jpeg\" \/>\n<meta name=\"author\" content=\"Araytor Events\" \/>\n<meta name=\"twitter:card\" content=\"summary_large_image\" \/>\n<meta name=\"twitter:label1\" content=\"Written by\" \/>\n\t<meta name=\"twitter:data1\" content=\"Araytor Events\" \/>\n<script type=\"application\/ld+json\" class=\"yoast-schema-graph\">{\"@context\":\"https:\/\/schema.org\",\"@graph\":[{\"@type\":\"WebPage\",\"@id\":\"https:\/\/araytor.com\/rozalen-en-cordoba-2\/\",\"url\":\"https:\/\/araytor.com\/rozalen-en-cordoba-2\/\",\"name\":\"Rozal\u00e9n en Ic\u00f3nica Sevilla Fest 28\/09\/22 - Araytor Corredur\u00eda de Seguros\",\"isPartOf\":{\"@id\":\"https:\/\/araytor.com\/#website\"},\"datePublished\":\"2022-09-27T10:10:56+00:00\",\"dateModified\":\"2022-09-27T10:11:49+00:00\",\"author\":{\"@id\":\"https:\/\/araytor.com\/#\/schema\/person\/ebc25c23dcae9c95b6fe86784d01a4cd\"},\"breadcrumb\":{\"@id\":\"https:\/\/araytor.com\/rozalen-en-cordoba-2\/#breadcrumb\"},\"inLanguage\":\"en-US\",\"potentialAction\":[{\"@type\":\"ReadAction\",\"target\":[\"https:\/\/araytor.com\/rozalen-en-cordoba-2\/\"]}]},{\"@type\":\"BreadcrumbList\",\"@id\":\"https:\/\/araytor.com\/rozalen-en-cordoba-2\/#breadcrumb\",\"itemListElement\":[{\"@type\":\"ListItem\",\"position\":1,\"name\":\"Portada\",\"item\":\"https:\/\/araytor.com\/\"},{\"@type\":\"ListItem\",\"position\":2,\"name\":\"Rozal\u00e9n en Ic\u00f3nica Sevilla Fest 28\/09\/22\"}]},{\"@type\":\"WebSite\",\"@id\":\"https:\/\/araytor.com\/#website\",\"url\":\"https:\/\/araytor.com\/\",\"name\":\"Araytor Corredur\u00eda de Seguros\",\"description\":\"Seguro de espect\u00e1culos\",\"potentialAction\":[{\"@type\":\"SearchAction\",\"target\":{\"@type\":\"EntryPoint\",\"urlTemplate\":\"https:\/\/araytor.com\/?s={search_term_string}\"},\"query-input\":\"required name=search_term_string\"}],\"inLanguage\":\"en-US\"},{\"@type\":\"Person\",\"@id\":\"https:\/\/araytor.com\/#\/schema\/person\/ebc25c23dcae9c95b6fe86784d01a4cd\",\"name\":\"Araytor Events\",\"image\":{\"@type\":\"ImageObject\",\"inLanguage\":\"en-US\",\"@id\":\"https:\/\/araytor.com\/#\/schema\/person\/image\/\",\"url\":\"https:\/\/secure.gravatar.com\/avatar\/2560b2b7fa2447c6d32b02fa24f651d42f2ffbdad2164b39e8e7b446af001997?s=96&d=mm&r=g\",\"contentUrl\":\"https:\/\/secure.gravatar.com\/avatar\/2560b2b7fa2447c6d32b02fa24f651d42f2ffbdad2164b39e8e7b446af001997?s=96&d=mm&r=g\",\"caption\":\"Araytor Events\"},\"url\":\"https:\/\/araytor.com\/en\/author\/carlos\/\"}]}<\/script>\n<!-- \/ Yoast SEO plugin. -->","yoast_head_json":{"title":"Rozal\u00e9n en Ic\u00f3nica Sevilla Fest 28\/09\/22 - Araytor Corredur\u00eda de Seguros","robots":{"index":"index","follow":"follow","max-snippet":"max-snippet:-1","max-image-preview":"max-image-preview:large","max-video-preview":"max-video-preview:-1"},"canonical":"https:\/\/araytor.com\/rozalen-en-cordoba-2\/","og_locale":"en_US","og_type":"article","og_title":"Rozal\u00e9n en Ic\u00f3nica Sevilla Fest 28\/09\/22 - Araytor Corredur\u00eda de Seguros","og_description":"La cantautora albacete\u00f1a presentar\u00e1 su \u00faltimo disco El \u00e1rbol y el bosque. Sevilla &#8211; Ic\u00f3nica Sevilla Fest 2022 &#8211; 28 [&hellip;]","og_url":"https:\/\/araytor.com\/rozalen-en-cordoba-2\/","og_site_name":"Araytor Corredur\u00eda de Seguros","article_published_time":"2022-09-27T10:10:56+00:00","article_modified_time":"2022-09-27T10:11:49+00:00","og_image":[{"width":819,"height":547,"url":"https:\/\/araytor.com\/wp-content\/uploads\/2021\/11\/rozalen-2022-araytor.jpg","type":"image\/jpeg"}],"author":"Araytor Events","twitter_card":"summary_large_image","twitter_misc":{"Written by":"Araytor Events"},"schema":{"@context":"https:\/\/schema.org","@graph":[{"@type":"WebPage","@id":"https:\/\/araytor.com\/rozalen-en-cordoba-2\/","url":"https:\/\/araytor.com\/rozalen-en-cordoba-2\/","name":"Rozal\u00e9n en Ic\u00f3nica Sevilla Fest 28\/09\/22 - Araytor Corredur\u00eda de Seguros","isPartOf":{"@id":"https:\/\/araytor.com\/#website"},"datePublished":"2022-09-27T10:10:56+00:00","dateModified":"2022-09-27T10:11:49+00:00","author":{"@id":"https:\/\/araytor.com\/#\/schema\/person\/ebc25c23dcae9c95b6fe86784d01a4cd"},"breadcrumb":{"@id":"https:\/\/araytor.com\/rozalen-en-cordoba-2\/#breadcrumb"},"inLanguage":"en-US","potentialAction":[{"@type":"ReadAction","target":["https:\/\/araytor.com\/rozalen-en-cordoba-2\/"]}]},{"@type":"BreadcrumbList","@id":"https:\/\/araytor.com\/rozalen-en-cordoba-2\/#breadcrumb","itemListElement":[{"@type":"ListItem","position":1,"name":"Portada","item":"https:\/\/araytor.com\/"},{"@type":"ListItem","position":2,"name":"Rozal\u00e9n en Ic\u00f3nica Sevilla Fest 28\/09\/22"}]},{"@type":"WebSite","@id":"https:\/\/araytor.com\/#website","url":"https:\/\/araytor.com\/","name":"Araytor Corredur\u00eda de Seguros","description":"Seguro de espect\u00e1culos","potentialAction":[{"@type":"SearchAction","target":{"@type":"EntryPoint","urlTemplate":"https:\/\/araytor.com\/?s={search_term_string}"},"query-input":"required name=search_term_string"}],"inLanguage":"en-US"},{"@type":"Person","@id":"https:\/\/araytor.com\/#\/schema\/person\/ebc25c23dcae9c95b6fe86784d01a4cd","name":"Araytor Events","image":{"@type":"ImageObject","inLanguage":"en-US","@id":"https:\/\/araytor.com\/#\/schema\/person\/image\/","url":"https:\/\/secure.gravatar.com\/avatar\/2560b2b7fa2447c6d32b02fa24f651d42f2ffbdad2164b39e8e7b446af001997?s=96&d=mm&r=g","contentUrl":"https:\/\/secure.gravatar.com\/avatar\/2560b2b7fa2447c6d32b02fa24f651d42f2ffbdad2164b39e8e7b446af001997?s=96&d=mm&r=g","caption":"Araytor Events"},"url":"https:\/\/araytor.com\/en\/author\/carlos\/"}]}},"_links":{"self":[{"href":"https:\/\/araytor.com\/en\/wp-json\/wp\/v2\/posts\/8643","targetHints":{"allow":["GET"]}}],"collection":[{"href":"https:\/\/araytor.com\/en\/wp-json\/wp\/v2\/posts"}],"about":[{"href":"https:\/\/araytor.com\/en\/wp-json\/wp\/v2\/types\/post"}],"author":[{"embeddable":true,"href":"https:\/\/araytor.com\/en\/wp-json\/wp\/v2\/users\/2"}],"replies":[{"embeddable":true,"href":"https:\/\/araytor.com\/en\/wp-json\/wp\/v2\/comments?post=8643"}],"version-history":[{"count":6,"href":"https:\/\/araytor.com\/en\/wp-json\/wp\/v2\/posts\/8643\/revisions"}],"predecessor-version":[{"id":12441,"href":"https:\/\/araytor.com\/en\/wp-json\/wp\/v2\/posts\/8643\/revisions\/12441"}],"wp:featuredmedia":[{"embeddable":true,"href":"https:\/\/araytor.com\/en\/wp-json\/wp\/v2\/media\/12440"}],"wp:attachment":[{"href":"https:\/\/araytor.com\/en\/wp-json\/wp\/v2\/media?parent=8643"}],"wp:term":[{"taxonomy":"category","embeddable":true,"href":"https:\/\/araytor.com\/en\/wp-json\/wp\/v2\/categories?post=8643"},{"taxonomy":"post_tag","embeddable":true,"href":"https:\/\/araytor.com\/en\/wp-json\/wp\/v2\/tags?post=8643"}],"curies":[{"name":"wp","href":"https:\/\/api.w.org\/{rel}","templated":true}]}}